{"id":241054,"date":"2022-09-28T22:01:28","date_gmt":"2022-09-28T22:01:28","guid":{"rendered":"https:\/\/bold-cartwright.3-19-126-172.plesk.page\/2022\/09\/28\/o-filme-do-papa-sobre-a-laudato-si-esta-chegando-muito-em-breve\/"},"modified":"2022-11-21T21:39:28","modified_gmt":"2022-11-21T21:39:28","slug":"o-filme-do-papa-sobre-a-laudato-si-esta-chegando-muito-em-breve","status":"publish","type":"post","link":"https:\/\/theletterfilm.org\/pt-br\/2022\/09\/28\/o-filme-do-papa-sobre-a-laudato-si-esta-chegando-muito-em-breve\/","title":{"rendered":"O FILME DO PAPA SOBRE A LAUDATO SI\u2019 EST\u00c1 CHEGANDO (MUITO) EM BREVE!"},"content":{"rendered":"\n<p>Temos excelentes not\u00edcias! Em 4 de outubro, o <a href=\"https:\/\/www.youtube.com\/channel\/UCqVDpXKLmKeBU_yyt_QkItQ\" target=\"_blank\" rel=\"noreferrer noopener\">YouTube Originals<\/a> lan\u00e7ar\u00e1 o aguardado document\u00e1rio <em>A Carta<\/em> (The Letter), que conta a hist\u00f3ria da <a href=\"https:\/\/www.vatican.va\/content\/francesco\/en\/encyclicals\/documents\/papa-francesco_20150524_enciclica-laudato-si.html\" target=\"_blank\" rel=\"noreferrer noopener\">carta enc\u00edclica Laudato Si\u2019<\/a> e de como a crise clim\u00e1tica est\u00e1 afetando fortemente a Terra e todos n\u00f3s que habitamos nela.<\/p>\n\n<p>Este filme \u00e9 fruto de alguns anos de trabalho do <a href=\"https:\/\/laudatosimovement.org\/\" target=\"_blank\" rel=\"noreferrer noopener\">Movimento Laudato Si\u2019<\/a> em parceria com a <a href=\"https:\/\/www.offthefence.com\/\" target=\"_blank\" rel=\"noreferrer noopener\">Off the Fence<\/a>, produtora brit\u00e2nica v<a href=\"https:\/\/www.offthefence.com\/Brand\/2728\/my-octopus-teacher\" target=\"_blank\" rel=\"noreferrer noopener\"><em>encedora do Oscar por Professor Polvo,<\/em><\/a> e o Vaticano. <\/p>\n\n<p>Este filme \u00e9 fruto de alguns anos de trabalho do <a href=\"https:\/\/laudatosimovement.org\/\" target=\"_blank\" rel=\"noreferrer noopener\">Movimento Laudato Si\u2019<\/a> em parceria com a <a href=\"https:\/\/www.offthefence.com\/\" target=\"_blank\" rel=\"noreferrer noopener\">Off the Fence<\/a>, produtora brit\u00e2nica v<a href=\"https:\/\/www.offthefence.com\/Brand\/2728\/my-octopus-teacher\" target=\"_blank\" rel=\"noreferrer noopener\"><em>encedora do Oscar por Professor Polvo,<\/em><\/a> e o Vaticano. <\/p>\n\n<p>Para n\u00f3s, trata-se de um momento hist\u00f3rico e muito emocionante. \u00c9 a nossa maior iniciativa como movimento at\u00e9 agora e ainda temos o Papa Francisco como estrela do filme! <\/p>\n\n<p>Al\u00e9m do Papa, que generosamente passou um tempo conosco durante a produ\u00e7\u00e3o compartilhando sua profunda sabedoria, o filme mostra outras vozes que representam as periferias da crise ecol\u00f3gica.<\/p>\n\n<p>Ridhima, uma ativista adolescente da \u00cdndia; o Cacique Dad\u00e1, l\u00edder ind\u00edgena da Amaz\u00f4nia; Arouna, um refugiado clim\u00e1tico do Senegal; e Robin e Greg, um casal de cientistas do Hava\u00ed. <\/p>\n\n<p>Suas hist\u00f3rias s\u00e3o prof\u00e9ticas e comoventes. E eles tiveram a oportunidade de contar ao Papa em primeira pessoa sobre as dificuldades pelas quais est\u00e3o passando e como a crise clim\u00e1tica os atinge de perto<\/p>\n\n<p><strong>Seu apoio \u00e9 muito importante <\/strong><\/p>\n\n<p>Juntos, devemos aproveitar ao m\u00e1ximo esta preciosa oportunidade e difundir a sabedoria da Laudato Si\u2019 em larga escala. Contamos com voc\u00ea para divulgar a todos os seus amigos e conhecidos essa incr\u00edvel iniciativa.<\/p>\n\n<p>Por outro lado, e<a href=\"https:\/\/laudatosimovement.org\/donate-the-letter\/\" target=\"_blank\" rel=\"noreferrer noopener\"><strong>stamos buscando doa\u00e7\u00f5es para impulsionar a promo\u00e7\u00e3o do filme<\/strong><\/a> e garantir que seja amplamente conhecido em toda a Igreja e fora dela. Estamos come\u00e7ando a trabalhar com os l\u00edderes e membros do nosso movimento para que o filme seja exibido no maior n\u00famero poss\u00edvel de par\u00f3quias e comunidades em todos os continentes.<\/p>\n\n<p>Hoje humildemente recorremos a voc\u00ea pedindo que, se estiver a seu alcance <a href=\"https:\/\/laudatosimovement.org\/donate-the-letter\/\" target=\"_blank\" rel=\"noreferrer noopener\"><strong>considere<\/strong> <strong>fazer uma doa\u00e7\u00e3o para garantir que o filme chegue a todos os cantos do mundo<\/strong>.<\/a> <\/p>\n\n<h5 class=\"wp-block-heading\"><a href=\"https:\/\/laudatosimovement.org\/donate-the-letter\/\" target=\"_blank\" rel=\"noreferrer noopener\"><strong>DONA $10<\/strong><\/a><\/h5>\n\n<p>O filme vai estrear na Cidade do Vaticano em 4 de outubro, festa de S\u00e3o Francisco de Assis, que encerra o Tempo da Cria\u00e7\u00e3o. No mesmo dia estar\u00e1 dispon\u00edvel no YouTube gratuitamente, ao alcance de todos. <\/p>\n\n<p>Nosso sonho \u00e9 que o lan\u00e7amento seja seguido por uma grande onda de exibi\u00e7\u00f5es em todo o mundo e uma campanha oferecendo ferramentas concretas para que as comunidades tomem medidas ousadas em prol da justi\u00e7a clim\u00e1tica e ecol\u00f3gica. <\/p>\n\n<p>Al\u00e9m disso, levaremos o filme a espa\u00e7os de poder \u2013 desde parlamentos at\u00e9 c\u00fapulas da ONU, como COP27 e COP15 \u2013 exigindo que os pol\u00edticos tomem medidas urgentes.<\/p>\n\n<p>ai dar muito trabalho, mas estamos muito entusiasmados. Contamos com voc\u00ea!<\/p>\n","protected":false},"excerpt":{"rendered":"<p>A 4 de Outubro, YouTube Originals lan\u00e7ar\u00e1 o grande filme document\u00e1rio, A Carta, que conta a hist\u00f3ria da enc\u00edclica &#8220;Laudato Si&#8221;.<\/p>\n","protected":false},"author":2,"featured_media":240499,"comment_status":"open","ping_status":"open","sticky":false,"template":"","format":"standard","meta":{"_et_pb_use_builder":"","_et_pb_old_content":"","_et_gb_content_width":"","footnotes":""},"categories":[80,78],"tags":[],"class_list":["post-241054","post","type-post","status-publish","format-standard","has-post-thumbnail","hentry","category-blogs-pt-br","category-novidades"],"yoast_head":"<!-- This site is optimized with the Yoast SEO plugin v27.4 - https:\/\/yoast.com\/product\/yoast-seo-wordpress\/ -->\n<title>O FILME DO PAPA SOBRE A LAUDATO SI\u2019 EST\u00c1 CHEGANDO (MUITO) EM BREVE! - The Letter<\/title>\n<meta name=\"robots\" content=\"index, follow, max-snippet:-1, max-image-preview:large, max-video-preview:-1\" \/>\n<link rel=\"canonical\" href=\"https:\/\/theletterfilm.org\/pt-br\/2022\/09\/28\/o-filme-do-papa-sobre-a-laudato-si-esta-chegando-muito-em-breve\/\" \/>\n<meta property=\"og:locale\" content=\"pt_BR\" \/>\n<meta property=\"og:type\" content=\"article\" \/>\n<meta property=\"og:title\" content=\"O FILME DO PAPA SOBRE A LAUDATO SI\u2019 EST\u00c1 CHEGANDO (MUITO) EM BREVE! - The Letter\" \/>\n<meta property=\"og:description\" content=\"A 4 de Outubro, YouTube Originals lan\u00e7ar\u00e1 o grande filme document\u00e1rio, A Carta, que conta a hist\u00f3ria da enc\u00edclica &quot;Laudato Si&quot;.\" \/>\n<meta property=\"og:url\" content=\"https:\/\/theletterfilm.org\/pt-br\/2022\/09\/28\/o-filme-do-papa-sobre-a-laudato-si-esta-chegando-muito-em-breve\/\" \/>\n<meta property=\"og:site_name\" content=\"The Letter\" \/>\n<meta property=\"article:publisher\" content=\"https:\/\/www.facebook.com\/profile.php?id=100085611172060\" \/>\n<meta property=\"article:published_time\" content=\"2022-09-28T22:01:28+00:00\" \/>\n<meta property=\"article:modified_time\" content=\"2022-11-21T21:39:28+00:00\" \/>\n<meta property=\"og:image\" content=\"https:\/\/theletterfilm.org\/wp-content\/uploads\/2022\/09\/After-pope-meeting-5-scaled-1.jpeg\" \/>\n\t<meta property=\"og:image:width\" content=\"2560\" \/>\n\t<meta property=\"og:image:height\" content=\"1350\" \/>\n\t<meta property=\"og:image:type\" content=\"image\/jpeg\" \/>\n<meta name=\"author\" content=\"The Letter\" \/>\n<meta name=\"twitter:card\" content=\"summary_large_image\" \/>\n<meta name=\"twitter:label1\" content=\"Escrito por\" \/>\n\t<meta name=\"twitter:data1\" content=\"The Letter\" \/>\n\t<meta name=\"twitter:label2\" content=\"Est. tempo de leitura\" \/>\n\t<meta name=\"twitter:data2\" content=\"2 minutos\" \/>\n<script type=\"application\/ld+json\" class=\"yoast-schema-graph\">{\"@context\":\"https:\\\/\\\/schema.org\",\"@graph\":[{\"@type\":\"Article\",\"@id\":\"https:\\\/\\\/theletterfilm.org\\\/pt-br\\\/2022\\\/09\\\/28\\\/o-filme-do-papa-sobre-a-laudato-si-esta-chegando-muito-em-breve\\\/#article\",\"isPartOf\":{\"@id\":\"https:\\\/\\\/theletterfilm.org\\\/pt-br\\\/2022\\\/09\\\/28\\\/o-filme-do-papa-sobre-a-laudato-si-esta-chegando-muito-em-breve\\\/\"},\"author\":{\"name\":\"The Letter\",\"@id\":\"https:\\\/\\\/theletterfilm.org\\\/#\\\/schema\\\/person\\\/79cff1a6d5df6a02d56555cc24633bcf\"},\"headline\":\"O FILME DO PAPA SOBRE A LAUDATO SI\u2019 EST\u00c1 CHEGANDO (MUITO) EM BREVE!\",\"datePublished\":\"2022-09-28T22:01:28+00:00\",\"dateModified\":\"2022-11-21T21:39:28+00:00\",\"mainEntityOfPage\":{\"@id\":\"https:\\\/\\\/theletterfilm.org\\\/pt-br\\\/2022\\\/09\\\/28\\\/o-filme-do-papa-sobre-a-laudato-si-esta-chegando-muito-em-breve\\\/\"},\"wordCount\":513,\"commentCount\":0,\"publisher\":{\"@id\":\"https:\\\/\\\/theletterfilm.org\\\/#organization\"},\"image\":{\"@id\":\"https:\\\/\\\/theletterfilm.org\\\/pt-br\\\/2022\\\/09\\\/28\\\/o-filme-do-papa-sobre-a-laudato-si-esta-chegando-muito-em-breve\\\/#primaryimage\"},\"thumbnailUrl\":\"https:\\\/\\\/theletterfilm.org\\\/wp-content\\\/uploads\\\/2022\\\/09\\\/After-pope-meeting-5-scaled-1.jpeg\",\"articleSection\":[\"Blogs\",\"Novidades\"],\"inLanguage\":\"pt-BR\",\"potentialAction\":[{\"@type\":\"CommentAction\",\"name\":\"Comment\",\"target\":[\"https:\\\/\\\/theletterfilm.org\\\/pt-br\\\/2022\\\/09\\\/28\\\/o-filme-do-papa-sobre-a-laudato-si-esta-chegando-muito-em-breve\\\/#respond\"]}]},{\"@type\":\"WebPage\",\"@id\":\"https:\\\/\\\/theletterfilm.org\\\/pt-br\\\/2022\\\/09\\\/28\\\/o-filme-do-papa-sobre-a-laudato-si-esta-chegando-muito-em-breve\\\/\",\"url\":\"https:\\\/\\\/theletterfilm.org\\\/pt-br\\\/2022\\\/09\\\/28\\\/o-filme-do-papa-sobre-a-laudato-si-esta-chegando-muito-em-breve\\\/\",\"name\":\"O FILME DO PAPA SOBRE A LAUDATO SI\u2019 EST\u00c1 CHEGANDO (MUITO) EM BREVE! - The Letter\",\"isPartOf\":{\"@id\":\"https:\\\/\\\/theletterfilm.org\\\/#website\"},\"primaryImageOfPage\":{\"@id\":\"https:\\\/\\\/theletterfilm.org\\\/pt-br\\\/2022\\\/09\\\/28\\\/o-filme-do-papa-sobre-a-laudato-si-esta-chegando-muito-em-breve\\\/#primaryimage\"},\"image\":{\"@id\":\"https:\\\/\\\/theletterfilm.org\\\/pt-br\\\/2022\\\/09\\\/28\\\/o-filme-do-papa-sobre-a-laudato-si-esta-chegando-muito-em-breve\\\/#primaryimage\"},\"thumbnailUrl\":\"https:\\\/\\\/theletterfilm.org\\\/wp-content\\\/uploads\\\/2022\\\/09\\\/After-pope-meeting-5-scaled-1.jpeg\",\"datePublished\":\"2022-09-28T22:01:28+00:00\",\"dateModified\":\"2022-11-21T21:39:28+00:00\",\"breadcrumb\":{\"@id\":\"https:\\\/\\\/theletterfilm.org\\\/pt-br\\\/2022\\\/09\\\/28\\\/o-filme-do-papa-sobre-a-laudato-si-esta-chegando-muito-em-breve\\\/#breadcrumb\"},\"inLanguage\":\"pt-BR\",\"potentialAction\":[{\"@type\":\"ReadAction\",\"target\":[\"https:\\\/\\\/theletterfilm.org\\\/pt-br\\\/2022\\\/09\\\/28\\\/o-filme-do-papa-sobre-a-laudato-si-esta-chegando-muito-em-breve\\\/\"]}]},{\"@type\":\"ImageObject\",\"inLanguage\":\"pt-BR\",\"@id\":\"https:\\\/\\\/theletterfilm.org\\\/pt-br\\\/2022\\\/09\\\/28\\\/o-filme-do-papa-sobre-a-laudato-si-esta-chegando-muito-em-breve\\\/#primaryimage\",\"url\":\"https:\\\/\\\/theletterfilm.org\\\/wp-content\\\/uploads\\\/2022\\\/09\\\/After-pope-meeting-5-scaled-1.jpeg\",\"contentUrl\":\"https:\\\/\\\/theletterfilm.org\\\/wp-content\\\/uploads\\\/2022\\\/09\\\/After-pope-meeting-5-scaled-1.jpeg\",\"width\":2560,\"height\":1350},{\"@type\":\"BreadcrumbList\",\"@id\":\"https:\\\/\\\/theletterfilm.org\\\/pt-br\\\/2022\\\/09\\\/28\\\/o-filme-do-papa-sobre-a-laudato-si-esta-chegando-muito-em-breve\\\/#breadcrumb\",\"itemListElement\":[{\"@type\":\"ListItem\",\"position\":1,\"name\":\"Home\",\"item\":\"https:\\\/\\\/theletterfilm.org\\\/pt-br\\\/\"},{\"@type\":\"ListItem\",\"position\":2,\"name\":\"O FILME DO PAPA SOBRE A LAUDATO SI\u2019 EST\u00c1 CHEGANDO (MUITO) EM BREVE!\"}]},{\"@type\":\"WebSite\",\"@id\":\"https:\\\/\\\/theletterfilm.org\\\/#website\",\"url\":\"https:\\\/\\\/theletterfilm.org\\\/\",\"name\":\"The Letter\",\"description\":\"Act Now\",\"publisher\":{\"@id\":\"https:\\\/\\\/theletterfilm.org\\\/#organization\"},\"potentialAction\":[{\"@type\":\"SearchAction\",\"target\":{\"@type\":\"EntryPoint\",\"urlTemplate\":\"https:\\\/\\\/theletterfilm.org\\\/?s={search_term_string}\"},\"query-input\":{\"@type\":\"PropertyValueSpecification\",\"valueRequired\":true,\"valueName\":\"search_term_string\"}}],\"inLanguage\":\"pt-BR\"},{\"@type\":\"Organization\",\"@id\":\"https:\\\/\\\/theletterfilm.org\\\/#organization\",\"name\":\"The Letter Film\",\"url\":\"https:\\\/\\\/theletterfilm.org\\\/\",\"logo\":{\"@type\":\"ImageObject\",\"inLanguage\":\"pt-BR\",\"@id\":\"https:\\\/\\\/theletterfilm.org\\\/#\\\/schema\\\/logo\\\/image\\\/\",\"url\":\"https:\\\/\\\/www1.theletterfilm.org\\\/wp-content\\\/uploads\\\/2020\\\/09\\\/EN_Letter0.png\",\"contentUrl\":\"https:\\\/\\\/www1.theletterfilm.org\\\/wp-content\\\/uploads\\\/2020\\\/09\\\/EN_Letter0.png\",\"width\":854,\"height\":214,\"caption\":\"The Letter Film\"},\"image\":{\"@id\":\"https:\\\/\\\/theletterfilm.org\\\/#\\\/schema\\\/logo\\\/image\\\/\"},\"sameAs\":[\"https:\\\/\\\/www.facebook.com\\\/profile.php?id=100085611172060\"]},{\"@type\":\"Person\",\"@id\":\"https:\\\/\\\/theletterfilm.org\\\/#\\\/schema\\\/person\\\/79cff1a6d5df6a02d56555cc24633bcf\",\"name\":\"The Letter\",\"image\":{\"@type\":\"ImageObject\",\"inLanguage\":\"pt-BR\",\"@id\":\"https:\\\/\\\/secure.gravatar.com\\\/avatar\\\/?s=96&d=mm&r=g\",\"url\":\"https:\\\/\\\/secure.gravatar.com\\\/avatar\\\/?s=96&d=mm&r=g\",\"contentUrl\":\"https:\\\/\\\/secure.gravatar.com\\\/avatar\\\/?s=96&d=mm&r=g\",\"caption\":\"The Letter\"},\"url\":\"https:\\\/\\\/theletterfilm.org\\\/pt-br\\\/author\\\/the-letter\\\/\"}]}<\/script>\n<!-- \/ Yoast SEO plugin. -->","yoast_head_json":{"title":"O FILME DO PAPA SOBRE A LAUDATO SI\u2019 EST\u00c1 CHEGANDO (MUITO) EM BREVE! - The Letter","robots":{"index":"index","follow":"follow","max-snippet":"max-snippet:-1","max-image-preview":"max-image-preview:large","max-video-preview":"max-video-preview:-1"},"canonical":"https:\/\/theletterfilm.org\/pt-br\/2022\/09\/28\/o-filme-do-papa-sobre-a-laudato-si-esta-chegando-muito-em-breve\/","og_locale":"pt_BR","og_type":"article","og_title":"O FILME DO PAPA SOBRE A LAUDATO SI\u2019 EST\u00c1 CHEGANDO (MUITO) EM BREVE! - The Letter","og_description":"A 4 de Outubro, YouTube Originals lan\u00e7ar\u00e1 o grande filme document\u00e1rio, A Carta, que conta a hist\u00f3ria da enc\u00edclica \"Laudato Si\".","og_url":"https:\/\/theletterfilm.org\/pt-br\/2022\/09\/28\/o-filme-do-papa-sobre-a-laudato-si-esta-chegando-muito-em-breve\/","og_site_name":"The Letter","article_publisher":"https:\/\/www.facebook.com\/profile.php?id=100085611172060","article_published_time":"2022-09-28T22:01:28+00:00","article_modified_time":"2022-11-21T21:39:28+00:00","og_image":[{"width":2560,"height":1350,"url":"https:\/\/theletterfilm.org\/wp-content\/uploads\/2022\/09\/After-pope-meeting-5-scaled-1.jpeg","type":"image\/jpeg"}],"author":"The Letter","twitter_card":"summary_large_image","twitter_misc":{"Escrito por":"The Letter","Est. tempo de leitura":"2 minutos"},"schema":{"@context":"https:\/\/schema.org","@graph":[{"@type":"Article","@id":"https:\/\/theletterfilm.org\/pt-br\/2022\/09\/28\/o-filme-do-papa-sobre-a-laudato-si-esta-chegando-muito-em-breve\/#article","isPartOf":{"@id":"https:\/\/theletterfilm.org\/pt-br\/2022\/09\/28\/o-filme-do-papa-sobre-a-laudato-si-esta-chegando-muito-em-breve\/"},"author":{"name":"The Letter","@id":"https:\/\/theletterfilm.org\/#\/schema\/person\/79cff1a6d5df6a02d56555cc24633bcf"},"headline":"O FILME DO PAPA SOBRE A LAUDATO SI\u2019 EST\u00c1 CHEGANDO (MUITO) EM BREVE!","datePublished":"2022-09-28T22:01:28+00:00","dateModified":"2022-11-21T21:39:28+00:00","mainEntityOfPage":{"@id":"https:\/\/theletterfilm.org\/pt-br\/2022\/09\/28\/o-filme-do-papa-sobre-a-laudato-si-esta-chegando-muito-em-breve\/"},"wordCount":513,"commentCount":0,"publisher":{"@id":"https:\/\/theletterfilm.org\/#organization"},"image":{"@id":"https:\/\/theletterfilm.org\/pt-br\/2022\/09\/28\/o-filme-do-papa-sobre-a-laudato-si-esta-chegando-muito-em-breve\/#primaryimage"},"thumbnailUrl":"https:\/\/theletterfilm.org\/wp-content\/uploads\/2022\/09\/After-pope-meeting-5-scaled-1.jpeg","articleSection":["Blogs","Novidades"],"inLanguage":"pt-BR","potentialAction":[{"@type":"CommentAction","name":"Comment","target":["https:\/\/theletterfilm.org\/pt-br\/2022\/09\/28\/o-filme-do-papa-sobre-a-laudato-si-esta-chegando-muito-em-breve\/#respond"]}]},{"@type":"WebPage","@id":"https:\/\/theletterfilm.org\/pt-br\/2022\/09\/28\/o-filme-do-papa-sobre-a-laudato-si-esta-chegando-muito-em-breve\/","url":"https:\/\/theletterfilm.org\/pt-br\/2022\/09\/28\/o-filme-do-papa-sobre-a-laudato-si-esta-chegando-muito-em-breve\/","name":"O FILME DO PAPA SOBRE A LAUDATO SI\u2019 EST\u00c1 CHEGANDO (MUITO) EM BREVE! - The Letter","isPartOf":{"@id":"https:\/\/theletterfilm.org\/#website"},"primaryImageOfPage":{"@id":"https:\/\/theletterfilm.org\/pt-br\/2022\/09\/28\/o-filme-do-papa-sobre-a-laudato-si-esta-chegando-muito-em-breve\/#primaryimage"},"image":{"@id":"https:\/\/theletterfilm.org\/pt-br\/2022\/09\/28\/o-filme-do-papa-sobre-a-laudato-si-esta-chegando-muito-em-breve\/#primaryimage"},"thumbnailUrl":"https:\/\/theletterfilm.org\/wp-content\/uploads\/2022\/09\/After-pope-meeting-5-scaled-1.jpeg","datePublished":"2022-09-28T22:01:28+00:00","dateModified":"2022-11-21T21:39:28+00:00","breadcrumb":{"@id":"https:\/\/theletterfilm.org\/pt-br\/2022\/09\/28\/o-filme-do-papa-sobre-a-laudato-si-esta-chegando-muito-em-breve\/#breadcrumb"},"inLanguage":"pt-BR","potentialAction":[{"@type":"ReadAction","target":["https:\/\/theletterfilm.org\/pt-br\/2022\/09\/28\/o-filme-do-papa-sobre-a-laudato-si-esta-chegando-muito-em-breve\/"]}]},{"@type":"ImageObject","inLanguage":"pt-BR","@id":"https:\/\/theletterfilm.org\/pt-br\/2022\/09\/28\/o-filme-do-papa-sobre-a-laudato-si-esta-chegando-muito-em-breve\/#primaryimage","url":"https:\/\/theletterfilm.org\/wp-content\/uploads\/2022\/09\/After-pope-meeting-5-scaled-1.jpeg","contentUrl":"https:\/\/theletterfilm.org\/wp-content\/uploads\/2022\/09\/After-pope-meeting-5-scaled-1.jpeg","width":2560,"height":1350},{"@type":"BreadcrumbList","@id":"https:\/\/theletterfilm.org\/pt-br\/2022\/09\/28\/o-filme-do-papa-sobre-a-laudato-si-esta-chegando-muito-em-breve\/#breadcrumb","itemListElement":[{"@type":"ListItem","position":1,"name":"Home","item":"https:\/\/theletterfilm.org\/pt-br\/"},{"@type":"ListItem","position":2,"name":"O FILME DO PAPA SOBRE A LAUDATO SI\u2019 EST\u00c1 CHEGANDO (MUITO) EM BREVE!"}]},{"@type":"WebSite","@id":"https:\/\/theletterfilm.org\/#website","url":"https:\/\/theletterfilm.org\/","name":"The Letter","description":"Act Now","publisher":{"@id":"https:\/\/theletterfilm.org\/#organization"},"potentialAction":[{"@type":"SearchAction","target":{"@type":"EntryPoint","urlTemplate":"https:\/\/theletterfilm.org\/?s={search_term_string}"},"query-input":{"@type":"PropertyValueSpecification","valueRequired":true,"valueName":"search_term_string"}}],"inLanguage":"pt-BR"},{"@type":"Organization","@id":"https:\/\/theletterfilm.org\/#organization","name":"The Letter Film","url":"https:\/\/theletterfilm.org\/","logo":{"@type":"ImageObject","inLanguage":"pt-BR","@id":"https:\/\/theletterfilm.org\/#\/schema\/logo\/image\/","url":"https:\/\/www1.theletterfilm.org\/wp-content\/uploads\/2020\/09\/EN_Letter0.png","contentUrl":"https:\/\/www1.theletterfilm.org\/wp-content\/uploads\/2020\/09\/EN_Letter0.png","width":854,"height":214,"caption":"The Letter Film"},"image":{"@id":"https:\/\/theletterfilm.org\/#\/schema\/logo\/image\/"},"sameAs":["https:\/\/www.facebook.com\/profile.php?id=100085611172060"]},{"@type":"Person","@id":"https:\/\/theletterfilm.org\/#\/schema\/person\/79cff1a6d5df6a02d56555cc24633bcf","name":"The Letter","image":{"@type":"ImageObject","inLanguage":"pt-BR","@id":"https:\/\/secure.gravatar.com\/avatar\/?s=96&d=mm&r=g","url":"https:\/\/secure.gravatar.com\/avatar\/?s=96&d=mm&r=g","contentUrl":"https:\/\/secure.gravatar.com\/avatar\/?s=96&d=mm&r=g","caption":"The Letter"},"url":"https:\/\/theletterfilm.org\/pt-br\/author\/the-letter\/"}]}},"_links":{"self":[{"href":"https:\/\/theletterfilm.org\/pt-br\/wp-json\/wp\/v2\/posts\/241054","targetHints":{"allow":["GET"]}}],"collection":[{"href":"https:\/\/theletterfilm.org\/pt-br\/wp-json\/wp\/v2\/posts"}],"about":[{"href":"https:\/\/theletterfilm.org\/pt-br\/wp-json\/wp\/v2\/types\/post"}],"author":[{"embeddable":true,"href":"https:\/\/theletterfilm.org\/pt-br\/wp-json\/wp\/v2\/users\/2"}],"replies":[{"embeddable":true,"href":"https:\/\/theletterfilm.org\/pt-br\/wp-json\/wp\/v2\/comments?post=241054"}],"version-history":[{"count":0,"href":"https:\/\/theletterfilm.org\/pt-br\/wp-json\/wp\/v2\/posts\/241054\/revisions"}],"wp:featuredmedia":[{"embeddable":true,"href":"https:\/\/theletterfilm.org\/pt-br\/wp-json\/wp\/v2\/media\/240499"}],"wp:attachment":[{"href":"https:\/\/theletterfilm.org\/pt-br\/wp-json\/wp\/v2\/media?parent=241054"}],"wp:term":[{"taxonomy":"category","embeddable":true,"href":"https:\/\/theletterfilm.org\/pt-br\/wp-json\/wp\/v2\/categories?post=241054"},{"taxonomy":"post_tag","embeddable":true,"href":"https:\/\/theletterfilm.org\/pt-br\/wp-json\/wp\/v2\/tags?post=241054"}],"curies":[{"name":"wp","href":"https:\/\/api.w.org\/{rel}","templated":true}]}}