{"id":241048,"date":"2022-10-04T12:30:00","date_gmt":"2022-10-04T12:30:00","guid":{"rendered":"https:\/\/bold-cartwright.3-19-126-172.plesk.page\/2022\/10\/04\/documentario-inovador-do-youtube-originals-com-o-papa-francisco-galvaniza-um-novo-impulso-para-acao-sobre-o-clima-e-a-natureza\/"},"modified":"2022-11-21T21:29:32","modified_gmt":"2022-11-21T21:29:32","slug":"documentario-inovador-do-youtube-originals-com-o-papa-francisco-galvaniza-um-novo-impulso-para-acao-sobre-o-clima-e-a-natureza","status":"publish","type":"post","link":"https:\/\/theletterfilm.org\/pt-br\/2022\/10\/04\/documentario-inovador-do-youtube-originals-com-o-papa-francisco-galvaniza-um-novo-impulso-para-acao-sobre-o-clima-e-a-natureza\/","title":{"rendered":"DOCUMENT\u00c1RIO INOVADOR DO YOUTUBE ORIGINALS COM O PAPA FRANCISCO GALVANIZA UM NOVO IMPULSO PARA A\u00c7\u00c3O SOBRE O CLIMA E A NATUREZA"},"content":{"rendered":"\n<p class=\"has-text-align-center\"><strong>Longa-metragem de produtores vencedores do Oscar oferece vislumbres da hist\u00f3ria pessoal do Papa Francisco e cria press\u00e3o pela justi\u00e7a clim\u00e1tica global, destacando vozes in\u00e9ditas nas linhas de frente da crise.<\/strong><\/p>\n\n<p><\/p>\n\n<p>Um novo document\u00e1rio sobre o poder da humanidade para deter a crise ecol\u00f3gica foi lan\u00e7ado em uma estreia global na Cidade do Vaticano hoje. Intitulado <em>A Carta<\/em>, o filme conta a hist\u00f3ria das viagens de diversas lideran\u00e7as da linha de frente a Roma para discutir a enc\u00edclica Laudato Si\u2019 com o Papa Francisco.<\/p>\n\n<p>O filme \u00e9 produzido por produtores vencedores do Oscar, <a href=\"https:\/\/www.offthefence.com\/Production\/Home\" target=\"_blank\" rel=\"noreferrer noopener\">Off the Fence<\/a><em> <\/em>(<em>My Octopus Teacher<\/em>). Com protagonistas da Amaz\u00f4nia brasileira, Senegal, \u00cdndia e EUA, o filme explora quest\u00f5es como direitos ind\u00edgenas, migra\u00e7\u00e3o clim\u00e1tica e lideran\u00e7a juvenil no contexto da a\u00e7\u00e3o sobre o clima e a natureza. O filme apresenta um di\u00e1logo exclusivo com o Papa Francisco e imagens in\u00e9ditas de sua instala\u00e7\u00e3o como Papa. <\/p>\n\n<p>Os eventos de estreia do filme no Vaticano inclu\u00edram os protagonistas, os cineastas, a principal autoridade do Vaticano em quest\u00f5es ecol\u00f3gicas e o secret\u00e1rio-geral do IPCC, juntamente com embaixadores e representantes da sociedade civil.<\/p>\n\n<p>O filme \u00e9 apresentado pelo YouTube Originals. Esta \u00e9 a primeira vez que um filme com um Papa estar\u00e1 dispon\u00edvel gratuitamente atrav\u00e9s de um servi\u00e7o de streaming.<\/p>\n\n<p>A estreia acontece no mesmo dia da entrada oficial da Santa S\u00e9 no marco do Acordo de Paris sobre mudan\u00e7as clim\u00e1ticas. Autoridades do Vaticano receberam embaixadores na Santa S\u00e9 na estreia e em um evento paralelo de alto n\u00edvel sobre o Acordo de Paris, pressionando os governos por mais a\u00e7\u00f5es clim\u00e1ticas. <\/p>\n\n<p>Esses esfor\u00e7os representam o engajamento cada vez mais ambicioso e urgente da Igreja Cat\u00f3lica em quest\u00f5es ecol\u00f3gicas. Uma campanha global de exames comunit\u00e1rios, eventos de alto n\u00edvel e lideran\u00e7a de organiza\u00e7\u00f5es parceiras no Norte global e no Sul global est\u00e1 prevista para os pr\u00f3ximos meses, galvanizando uma nova press\u00e3o sobre os tomadores de decis\u00e3o na c\u00fapula clim\u00e1tica da ONU COP27 e na c\u00fapula da natureza COP15. <\/p>\n\n<p>Essa urg\u00eancia est\u00e1 alinhada com os alarmes do Painel Intergovernamental sobre Mudan\u00e7as Clim\u00e1ticas da ONU, o \u00f3rg\u00e3o de ci\u00eancia clim\u00e1tica que informa o Acordo de Paris e a COP27. Em coment\u00e1rios sobre o filme, o presidente do IPCC que participou dos eventos do Vaticano, Dr. Hoesung Lee, disse que \u201ca comunidade cient\u00edfica agradece a oportunidade de se envolver com artistas e pessoas de f\u00e9\u201d.<\/p>\n\n<p>Ridhima Pandey, uma jovem ativista clim\u00e1tica e protagonista de <em>A Carta<\/em>, disse: \u201cOs adultos precisam fazer melhor. E eu n\u00e3o espero que voc\u00eas consertem isso. Confie em mim, meus esfor\u00e7os est\u00e3o apenas come\u00e7ando.\u201d<\/p>\n\n<p>Nicolas Brown, diretor de <em>A Carta<\/em>, disse: \u201cGuiados pela b\u00fassola moral fornecida pelo Papa Francisco, espero que todos possamos encontrar um renovado senso de prop\u00f3sito e compromisso para proteger nossa casa comum e ter compaix\u00e3o por todos os seres vivos, incluindo uns aos outros. .\u201d<\/p>\n\n<p><\/p>\n\n<p><strong>Sobre o filme<\/strong><\/p>\n\n<p>Produzido pela equipe vencedora do Oscar, <a href=\"https:\/\/www.offthefence.com\/Production\/Home\" target=\"_blank\" rel=\"noreferrer noopener\">Off the Fence<\/a><em> <\/em>(<em>My Octopus Teacher<\/em>), em parceria com o <a href=\"https:\/\/laudatosimovement.org\/\" target=\"_blank\" rel=\"noreferrer noopener\">Movimento Laudato Si\u2019<\/a>, o filme foi dirigido pelo diretor vencedor do Emmy, Nicolas Brown. <em>A Carta<\/em> foi elaborada em colabora\u00e7\u00e3o com o <a href=\"https:\/\/www.comunicazione.va\/en.html\" target=\"_blank\" rel=\"noreferrer noopener\">Dicast\u00e9rio para a Comunica\u00e7\u00e3o<\/a> e o Dicast\u00e9rio para o Servi\u00e7o do <a href=\"https:\/\/www.humandevelopment.va\/en.html\" target=\"_blank\" rel=\"noreferrer noopener\">Desenvolvimento Humano Integral.<\/a> O filme \u00e9 apresentado pelo <a href=\"https:\/\/www.youtube.com\/originals\/featured\" target=\"_blank\" rel=\"noreferrer noopener\">YouTube Originals<\/a>.<\/p>\n\n<p>Mais contexto sobre o filme <a href=\"https:\/\/docs.google.com\/document\/d\/1-qYMqAAjuc_u4pC50reOdwS911m_6tQDKkAGshRHmC4\/edit?usp=sharing\" target=\"_blank\" rel=\"noreferrer noopener\">aqui<\/a> e em <a href=\"https:\/\/www1.theletterfilm.org\" target=\"_blank\" rel=\"noreferrer noopener\">TheLetterFilm.org.<\/a> <\/p>\n\n<p><\/p>\n\n<p><strong>Assets<\/strong><\/p>\n\n<p>Breves biografias e fotos dos protagonistas, incluindo o Papa Francisco, se encontram <a href=\"https:\/\/drive.google.com\/drive\/folders\/1dFxgnreYg9YcxYE_by8rOhMX6DYU8Cz0?usp=sharing\" target=\"_blank\" rel=\"noreferrer noopener\">aqui<\/a>. Fotos dos protagonistas e lideran\u00e7as de alto n\u00edvel presentes nos eventos do Vaticano estar\u00e3o dispon\u00edveis <a href=\"https:\/\/drive.google.com\/drive\/folders\/1eg07q668b2zLK07zwFnGUChJwb6zeCa_?usp=sharing\" target=\"_blank\" rel=\"noreferrer noopener\">aqui<\/a> at\u00e9 19:00 CEST no dia 4 de outubro. <\/p>\n\n<p>Um <a href=\"https:\/\/www.youtube.com\/watch?v=l3EBHebH17Y\" target=\"_blank\" rel=\"noreferrer noopener\">trailer<\/a> e o filme completo est\u00e3o ambos no canal <a href=\"https:\/\/www.youtube.com\/originals\/videos\" target=\"_blank\" rel=\"noreferrer noopener\">YouTube Originals<\/a>. O filme estar\u00e1 ao vivo em 4 de outubro \u00e0s 18:30 CEST.<\/p>\n\n<p><\/p>\n\n<p><strong>Confer\u00eancia de imprensa<\/strong><\/p>\n\n<p>A confer\u00eancia de imprensa ocorrer\u00e1 \u00e0s 11:30 CEST de 4 de outubro na Sala Stampa com os seguintes painelistas:<\/p>\n\n<ul class=\"wp-block-list\">\n<li>Cardeal Michael Czerny, Prefeito do Dicast\u00e9rio para o Servi\u00e7o do Desenvolvimento Humano Integral<\/li>\n\n\n\n<li>Dr. Hoesung Lee, Presidente do Painel Intergovernamental sobre Mudan\u00e7as Clim\u00e1ticas<\/li>\n\n\n\n<li>Cacique Odair \u201cDad\u00e1\u201d Borari, protagonista do filme e cacique-geral da Terra Ind\u00edgena Mar\u00f3, Par\u00e1, Brasil<\/li>\n\n\n\n<li>Dra. Lorna Gold, Presidente da Diretoria do Movimento Laudato Si\u2019<\/li>\n\n\n\n<li>Nicolas Brown, escritor e diretor de <em>A Carta<\/em><\/li>\n<\/ul>\n\n<p>Jornalistas credenciados pelo Vaticano s\u00e3o bem-vindos. <\/p>\n\n<p>Aqueles que n\u00e3o s\u00e3o credenciados, mas gostariam de comparecer pessoalmente, entre em contato com Gabriel L\u00f3pez Santamaria em <a href=\"mailto:gabriel@laudatosimovement.org\" target=\"_blank\" rel=\"noreferrer noopener\">gabriel@laudatosimovement.org<\/a> at\u00e9 3 de outubro \u00e0s 12:00 CEST. <\/p>\n\n<p>Para jornalistas que n\u00e3o est\u00e3o em Roma, a confer\u00eancia de imprensa ser\u00e1 transmitida ao vivo, dispon\u00edvel <a href=\"https:\/\/www.youtube.com\/watch?v=39QcvKFFnes\" target=\"_blank\" rel=\"noreferrer noopener\">aqui<\/a> a partir das 11.30 CEST. <\/p>\n\n<p><\/p>\n\n<p><strong>Evento de estreia<\/strong><\/p>\n\n<p>Embaixadores da Santa S\u00e9, cientistas, executivos da m\u00eddia, lideran\u00e7as da Igreja e representantes da sociedade civil participar\u00e3o de uma exibi\u00e7\u00e3o do filme na Sala do S\u00ednodo do Vaticano. <\/p>\n\n<p>As portas se abrem e uma chamada de fotos acontecer\u00e1 \u00e0s 17:30 CEST. O filme come\u00e7a \u00e0s 18:30 CEST. Haver\u00e1 uma recep\u00e7\u00e3o ap\u00f3s o filme.<\/p>\n\n<p>\u00c9 necess\u00e1rio fazer inscri\u00e7\u00e3o para participar. Jornalistas interessados em participar devem se inscrever <a href=\"https:\/\/docs.google.com\/forms\/d\/e\/1FAIpQLSeZ-Mnu8TcK56onGXrXN7r78kcfNHn9gpSbjGeSb_95UcTjVQ\/viewform?usp=sf_link\" target=\"_blank\" rel=\"noreferrer noopener\">aqui<\/a>. <\/p>\n\n<p><\/p>\n\n<p><strong>Entrevistas<\/strong><\/p>\n\n<p>Os protagonistas do filme, o Cardeal Czerny, o secret\u00e1rio Lee e o diretor Nicolas Brown est\u00e3o dispon\u00edveis para entrevistas e fotos pessoalmente logo ap\u00f3s a confer\u00eancia de imprensa, aproximadamente das 12:30 \u00e0s 13:30 na Sala Stampa. <\/p>\n\n<p>Entrevistas escritas est\u00e3o dispon\u00edveis antes da confer\u00eancia de imprensa. Por favor, envie perguntas para Gabriel L\u00f3pez Santamaria em <a href=\"mailto:gabriel@laudatosimovement.org\" target=\"_blank\" rel=\"noreferrer noopener\">gabriel@laudatosimovement.org<\/a> at\u00e9 2 de outubro \u00e0s 12:00 CEST.<\/p>\n\n<p>Coment\u00e1rios de porta-vozes est\u00e3o dispon\u00edveis.<\/p>\n\n<ul class=\"wp-block-list\">\n<li>Movimento Laudato Si\u2019: favor contactar Gabriel L\u00f3pez Santamaria em <a href=\"mailto:gabriel@laudatosimovement.org\" target=\"_blank\" rel=\"noreferrer noopener\">gabriel@laudatosimovement.org<\/a>.<\/li>\n\n\n\n<li>Off the Fence Productions: favor contactar Nicolas Brown, Escritor e Diretor, <em>A Carta,<\/em> em <a href=\"mailto:nicolasrbrown@gmail.com\" target=\"_blank\" rel=\"noreferrer noopener\">nicolasrbrown@gmail.com<\/a><\/li>\n<\/ul>\n\n<p><\/p>\n\n<p><strong>Depoimentos de lideran\u00e7as, protagonistas e cineasta<\/strong><\/p>\n\n<p><em>Lideran\u00e7as<\/em><\/p>\n\n<p>Cardeal Michael Czerny, Prefeito do Dicast\u00e9rio para o Servi\u00e7o do Desenvolvimento Humano Integral, disse<em> <\/em>\u201cEm sua enc\u00edclica Laudato Si\u2019, o Papa Francisco deseja entrar em di\u00e1logo com todas as pessoas sobre o planeta Terra, nossa casa comum. A crise ambiental n\u00e3o \u00e9 um problema apenas para os cat\u00f3licos. Afeta a todos, agora e gera\u00e7\u00f5es futuras. Este filme \u00e9 um grito de alerta para as pessoas em todos os lugares: temos que agir juntos, e temos que faz\u00ea-lo agora.\u201d<\/p>\n\n<p>Dr. Hoesung Lee, Presidente do Painel Intergovernamental sobre Mudan\u00e7as Clim\u00e1ticas, disse \u201cO desafio das mudan\u00e7as clim\u00e1ticas \u00e9 global e a ci\u00eancia \u00e9 clara. A hora da a\u00e7\u00e3o \u00e9 agora.\u201d Dr. Lee continuou: \u201cA comunidade cient\u00edfica agradece a oportunidade de se envolver com artistas e pessoas de f\u00e9. Tanto a f\u00e9 quanto a arte t\u00eam um grande poder de convoca\u00e7\u00e3o e podem inspirar uma a\u00e7\u00e3o clim\u00e1tica coletiva genu\u00edna.\u201d<\/p>\n\n<p><em>Protagonistas<\/em><\/p>\n\n<p>Dra. Lorna Gold, presidente do Movimento Laudato Si\u2019, disse \u201cOs sinais da cat\u00e1strofe ecol\u00f3gica est\u00e3o por toda parte e, no entanto, ainda n\u00e3o percebemos. Este belo e instigante filme traz para casa as tr\u00e1gicas consequ\u00eancias da ina\u00e7\u00e3o, mas tamb\u00e9m aponta para o caminho a seguir. Atrav\u00e9s deste filme, fomos muito al\u00e9m das coisas que parecem nos separar como pessoas de origens t\u00e3o diferentes. Descobrimos que o que nos une \u00e9 um senso de humanidade compartilhada, de ser uma fam\u00edlia. Isso me d\u00e1 esperan\u00e7a para nossa casa comum.\u201d<\/p>\n\n<p>Dr. Greg Asner, diretor do Centro de Descoberta Global e Ci\u00eancia da Conserva\u00e7\u00e3o da Arizona State University e coautor da tecnologia Spectranomics para criar mapas 3D da biodiversidade, disse \u201cA ci\u00eancia mostra que o planeta est\u00e1 mudando muito rapidamente para que grande parte da vida possa acompanhar. De ondas de calor catastr\u00f3ficas oce\u00e2nicas a secas no solo, a Terra est\u00e1 nos dizendo repetidamente que fomos longe demais com o nosso planeta. Temos que transformar a preocupa\u00e7\u00e3o em a\u00e7\u00e3o r\u00e1pida. N\u00e3o s\u00e3o apenas as plantas e os animais que est\u00e3o em risco \u2013 n\u00f3s tamb\u00e9m dependemos do planeta e de sua biodiversidade para sobreviver e prosperar.\u201d<\/p>\n\n<p>Cacique Odair \u201cDad\u00e1\u201d Borari, cacique-geral da Terra Ind\u00edgena Mar\u00f3, Par\u00e1, disse \u201cProteger a Amaz\u00f4nia e seu povo \u00e9 o que fa\u00e7o. Fa\u00e7o isso todos os dias e fa\u00e7o isso h\u00e1 d\u00e9cadas. As pessoas que querem destruir a Amaz\u00f4nia me atacaram, mas n\u00e3o vou desistir. Eu protejo a terra de meus ancestrais e o esp\u00edrito de vida dentro dela. Mas essa luta n\u00e3o \u00e9 s\u00f3 minha. Proteger a Amaz\u00f4nia depende de todos n\u00f3s.\u201d <\/p>\n\n<p>Sr. Arouna Kand\u00e9, refugiado clim\u00e1tico e estudante em desenvolvimento sustent\u00e1vel, disse \u201cMinha fam\u00edlia no Senegal n\u00e3o fez nada para causar a seca em nossa aldeia ou as inunda\u00e7\u00f5es na cidade. Como este filme deixa claro, vivemos com as escolhas que outras pessoas fizeram. Mas o futuro est\u00e1 chegando, ele \u00e9 meu e vou lider\u00e1-lo bem. Estou estudando na universidade, plantando \u00e1rvores e tentando ajudar minha aldeia a se desenvolver de forma sustent\u00e1vel. O Senegal tem a criatividade e a engenhosidade para liderar o futuro de forma mais justa. Farei parte disso, e farei melhor do que me foi feito.\u201d <\/p>\n\n<p>Srta. Ridhima Pandey, ativista clim\u00e1tica jovem, disse \u201cPara a minha gera\u00e7\u00e3o, ver a paisagem mudar de forma inacredit\u00e1vel tornou-se quase comum. Quando crian\u00e7a, eu tinha pesadelos com as inunda\u00e7\u00f5es extremas em meu pa\u00eds. Estou preocupada que esses pesadelos se tornem a realidade vivida pelas crian\u00e7as na \u00cdndia. E agora as ondas de calor est\u00e3o chegando em cima das inunda\u00e7\u00f5es. N\u00f3s, jovens, estamos dizendo que basta. Os adultos precisam fazer melhor. E eu n\u00e3o espero que voc\u00eas consertem isso. Confie em mim, meus esfor\u00e7os est\u00e3o apenas come\u00e7ando.\u201d<\/p>\n\n<p>Dra. Robin Martin, professora na Arizona State University e co-autora da tecnologia Spectranomics para criar mapas 3D de biodiversidade, disse \u201cQuando conheci o Papa Francisco enquanto est\u00e1vamos fazendo este filme, dei a ele uma concha de caury dentro de uma caixa de madeira de koa, tudo da minha ilha natal, o Hava\u00ed. O caury, leho em havaiano, \u00e9 s\u00edmbolo de prote\u00e7\u00e3o e tamb\u00e9m foi usado como moeda e at\u00e9 mesmo um simples lanche que poderia sustent\u00e1-lo em uma viagem ao longo da costa. A \u00e1rvore koa \u00e9 a maior das \u00e1rvores nativas do Hava\u00ed e procurada para construir canoas para viajar. A natureza n\u00e3o \u00e9 apenas algo para estudar. Todas as coisas t\u00eam uma beleza, uma hist\u00f3ria e um prop\u00f3sito a serem apreciados e valorizados em seu pr\u00f3prio direito.\u201d<\/p>\n\n<p><em>Diretor<\/em><\/p>\n\n<p>Sr. Nicolas Brown, diretor de <em>A Carta,<\/em> disse \u201cEnfrentar as quest\u00f5es g\u00eameas das mudan\u00e7as clim\u00e1ticas e da perda de biodiversidade \u00e9 o desafio mais grave que a humanidade j\u00e1 enfrentou. \u00c9 f\u00e1cil perder a esperan\u00e7a. Mas hoje estou cheio de novo entusiasmo por causa das pessoas que se juntaram para fazer \u201cA Carta\u201c. Aposto que as hist\u00f3rias deles v\u00e3o inspirar voc\u00ea como eles me inspiraram! E guiados pela b\u00fassola moral fornecida pelo Papa Francisco, espero que todos possamos encontrar um renovado senso de prop\u00f3sito e compromisso de proteger nossa casa comum e ter compaix\u00e3o por todos os seres vivos, incluindo uns aos outros.\u201d<\/p>\n\n<p><\/p>\n\n<p><strong>Contato de imprensa: Gabriel L\u00f3pez Santamaria, <a href=\"mailto:gabriel@laudatosimovement.org\">gabriel@laudatosimovement.org<\/a><\/strong><\/p>\n","protected":false},"excerpt":{"rendered":"<p>Um novo document\u00e1rio sobre o poder da humanidade para deter a crise ecol\u00f3gica foi lan\u00e7ado em uma estreia global na Cidade do Vaticano hoje. Intitulado A Carta, o filme conta a hist\u00f3ria das viagens de diversas lideran\u00e7as da linha de frente a Roma para discutir a enc\u00edclica Laudato Si\u2019 com o Papa Francisco.<\/p>\n","protected":false},"author":2,"featured_media":240504,"comment_status":"open","ping_status":"open","sticky":false,"template":"","format":"standard","meta":{"_et_pb_use_builder":"","_et_pb_old_content":"","_et_gb_content_width":"","footnotes":""},"categories":[78],"tags":[],"class_list":["post-241048","post","type-post","status-publish","format-standard","has-post-thumbnail","hentry","category-novidades"],"yoast_head":"<!-- This site is optimized with the Yoast SEO plugin v27.5 - https:\/\/yoast.com\/product\/yoast-seo-wordpress\/ -->\n<title>DOCUMENT\u00c1RIO INOVADOR DO YOUTUBE ORIGINALS COM O PAPA FRANCISCO GALVANIZA UM NOVO IMPULSO PARA A\u00c7\u00c3O SOBRE O CLIMA E A NATUREZA - The Letter<\/title>\n<meta name=\"robots\" content=\"index, follow, max-snippet:-1, max-image-preview:large, max-video-preview:-1\" \/>\n<link rel=\"canonical\" href=\"https:\/\/theletterfilm.org\/pt-br\/2022\/10\/04\/documentario-inovador-do-youtube-originals-com-o-papa-francisco-galvaniza-um-novo-impulso-para-acao-sobre-o-clima-e-a-natureza\/\" \/>\n<meta property=\"og:locale\" content=\"pt_BR\" \/>\n<meta property=\"og:type\" content=\"article\" \/>\n<meta property=\"og:title\" content=\"DOCUMENT\u00c1RIO INOVADOR DO YOUTUBE ORIGINALS COM O PAPA FRANCISCO GALVANIZA UM NOVO IMPULSO PARA A\u00c7\u00c3O SOBRE O CLIMA E A NATUREZA - The Letter\" \/>\n<meta property=\"og:description\" content=\"Um novo document\u00e1rio sobre o poder da humanidade para deter a crise ecol\u00f3gica foi lan\u00e7ado em uma estreia global na Cidade do Vaticano hoje. Intitulado A Carta, o filme conta a hist\u00f3ria das viagens de diversas lideran\u00e7as da linha de frente a Roma para discutir a enc\u00edclica Laudato Si\u2019 com o Papa Francisco.\" \/>\n<meta property=\"og:url\" content=\"https:\/\/theletterfilm.org\/pt-br\/2022\/10\/04\/documentario-inovador-do-youtube-originals-com-o-papa-francisco-galvaniza-um-novo-impulso-para-acao-sobre-o-clima-e-a-natureza\/\" \/>\n<meta property=\"og:site_name\" content=\"The Letter\" \/>\n<meta property=\"article:publisher\" content=\"https:\/\/www.facebook.com\/profile.php?id=100085611172060\" \/>\n<meta property=\"article:published_time\" content=\"2022-10-04T12:30:00+00:00\" \/>\n<meta property=\"article:modified_time\" content=\"2022-11-21T21:29:32+00:00\" \/>\n<meta property=\"og:image\" content=\"https:\/\/theletterfilm.org\/wp-content\/uploads\/2022\/10\/LAUDATO-SI_12-scaled-1.jpeg\" \/>\n\t<meta property=\"og:image:width\" content=\"2560\" \/>\n\t<meta property=\"og:image:height\" content=\"1707\" \/>\n\t<meta property=\"og:image:type\" content=\"image\/jpeg\" \/>\n<meta name=\"author\" content=\"The Letter\" \/>\n<meta name=\"twitter:card\" content=\"summary_large_image\" \/>\n<meta name=\"twitter:label1\" content=\"Escrito por\" \/>\n\t<meta name=\"twitter:data1\" content=\"The Letter\" \/>\n\t<meta name=\"twitter:label2\" content=\"Est. tempo de leitura\" \/>\n\t<meta name=\"twitter:data2\" content=\"10 minutos\" \/>\n<script type=\"application\/ld+json\" class=\"yoast-schema-graph\">{\"@context\":\"https:\\\/\\\/schema.org\",\"@graph\":[{\"@type\":\"Article\",\"@id\":\"https:\\\/\\\/theletterfilm.org\\\/pt-br\\\/2022\\\/10\\\/04\\\/documentario-inovador-do-youtube-originals-com-o-papa-francisco-galvaniza-um-novo-impulso-para-acao-sobre-o-clima-e-a-natureza\\\/#article\",\"isPartOf\":{\"@id\":\"https:\\\/\\\/theletterfilm.org\\\/pt-br\\\/2022\\\/10\\\/04\\\/documentario-inovador-do-youtube-originals-com-o-papa-francisco-galvaniza-um-novo-impulso-para-acao-sobre-o-clima-e-a-natureza\\\/\"},\"author\":{\"name\":\"The Letter\",\"@id\":\"https:\\\/\\\/theletterfilm.org\\\/#\\\/schema\\\/person\\\/79cff1a6d5df6a02d56555cc24633bcf\"},\"headline\":\"DOCUMENT\u00c1RIO INOVADOR DO YOUTUBE ORIGINALS COM O PAPA FRANCISCO GALVANIZA UM NOVO IMPULSO PARA A\u00c7\u00c3O SOBRE O CLIMA E A NATUREZA\",\"datePublished\":\"2022-10-04T12:30:00+00:00\",\"dateModified\":\"2022-11-21T21:29:32+00:00\",\"mainEntityOfPage\":{\"@id\":\"https:\\\/\\\/theletterfilm.org\\\/pt-br\\\/2022\\\/10\\\/04\\\/documentario-inovador-do-youtube-originals-com-o-papa-francisco-galvaniza-um-novo-impulso-para-acao-sobre-o-clima-e-a-natureza\\\/\"},\"wordCount\":1951,\"commentCount\":0,\"publisher\":{\"@id\":\"https:\\\/\\\/theletterfilm.org\\\/#organization\"},\"image\":{\"@id\":\"https:\\\/\\\/theletterfilm.org\\\/pt-br\\\/2022\\\/10\\\/04\\\/documentario-inovador-do-youtube-originals-com-o-papa-francisco-galvaniza-um-novo-impulso-para-acao-sobre-o-clima-e-a-natureza\\\/#primaryimage\"},\"thumbnailUrl\":\"https:\\\/\\\/theletterfilm.org\\\/wp-content\\\/uploads\\\/2022\\\/10\\\/LAUDATO-SI_12-scaled-1.jpeg\",\"articleSection\":[\"Novidades\"],\"inLanguage\":\"pt-BR\",\"potentialAction\":[{\"@type\":\"CommentAction\",\"name\":\"Comment\",\"target\":[\"https:\\\/\\\/theletterfilm.org\\\/pt-br\\\/2022\\\/10\\\/04\\\/documentario-inovador-do-youtube-originals-com-o-papa-francisco-galvaniza-um-novo-impulso-para-acao-sobre-o-clima-e-a-natureza\\\/#respond\"]}]},{\"@type\":\"WebPage\",\"@id\":\"https:\\\/\\\/theletterfilm.org\\\/pt-br\\\/2022\\\/10\\\/04\\\/documentario-inovador-do-youtube-originals-com-o-papa-francisco-galvaniza-um-novo-impulso-para-acao-sobre-o-clima-e-a-natureza\\\/\",\"url\":\"https:\\\/\\\/theletterfilm.org\\\/pt-br\\\/2022\\\/10\\\/04\\\/documentario-inovador-do-youtube-originals-com-o-papa-francisco-galvaniza-um-novo-impulso-para-acao-sobre-o-clima-e-a-natureza\\\/\",\"name\":\"DOCUMENT\u00c1RIO INOVADOR DO YOUTUBE ORIGINALS COM O PAPA FRANCISCO GALVANIZA UM NOVO IMPULSO PARA A\u00c7\u00c3O SOBRE O CLIMA E A NATUREZA - The Letter\",\"isPartOf\":{\"@id\":\"https:\\\/\\\/theletterfilm.org\\\/#website\"},\"primaryImageOfPage\":{\"@id\":\"https:\\\/\\\/theletterfilm.org\\\/pt-br\\\/2022\\\/10\\\/04\\\/documentario-inovador-do-youtube-originals-com-o-papa-francisco-galvaniza-um-novo-impulso-para-acao-sobre-o-clima-e-a-natureza\\\/#primaryimage\"},\"image\":{\"@id\":\"https:\\\/\\\/theletterfilm.org\\\/pt-br\\\/2022\\\/10\\\/04\\\/documentario-inovador-do-youtube-originals-com-o-papa-francisco-galvaniza-um-novo-impulso-para-acao-sobre-o-clima-e-a-natureza\\\/#primaryimage\"},\"thumbnailUrl\":\"https:\\\/\\\/theletterfilm.org\\\/wp-content\\\/uploads\\\/2022\\\/10\\\/LAUDATO-SI_12-scaled-1.jpeg\",\"datePublished\":\"2022-10-04T12:30:00+00:00\",\"dateModified\":\"2022-11-21T21:29:32+00:00\",\"breadcrumb\":{\"@id\":\"https:\\\/\\\/theletterfilm.org\\\/pt-br\\\/2022\\\/10\\\/04\\\/documentario-inovador-do-youtube-originals-com-o-papa-francisco-galvaniza-um-novo-impulso-para-acao-sobre-o-clima-e-a-natureza\\\/#breadcrumb\"},\"inLanguage\":\"pt-BR\",\"potentialAction\":[{\"@type\":\"ReadAction\",\"target\":[\"https:\\\/\\\/theletterfilm.org\\\/pt-br\\\/2022\\\/10\\\/04\\\/documentario-inovador-do-youtube-originals-com-o-papa-francisco-galvaniza-um-novo-impulso-para-acao-sobre-o-clima-e-a-natureza\\\/\"]}]},{\"@type\":\"ImageObject\",\"inLanguage\":\"pt-BR\",\"@id\":\"https:\\\/\\\/theletterfilm.org\\\/pt-br\\\/2022\\\/10\\\/04\\\/documentario-inovador-do-youtube-originals-com-o-papa-francisco-galvaniza-um-novo-impulso-para-acao-sobre-o-clima-e-a-natureza\\\/#primaryimage\",\"url\":\"https:\\\/\\\/theletterfilm.org\\\/wp-content\\\/uploads\\\/2022\\\/10\\\/LAUDATO-SI_12-scaled-1.jpeg\",\"contentUrl\":\"https:\\\/\\\/theletterfilm.org\\\/wp-content\\\/uploads\\\/2022\\\/10\\\/LAUDATO-SI_12-scaled-1.jpeg\",\"width\":2560,\"height\":1707},{\"@type\":\"BreadcrumbList\",\"@id\":\"https:\\\/\\\/theletterfilm.org\\\/pt-br\\\/2022\\\/10\\\/04\\\/documentario-inovador-do-youtube-originals-com-o-papa-francisco-galvaniza-um-novo-impulso-para-acao-sobre-o-clima-e-a-natureza\\\/#breadcrumb\",\"itemListElement\":[{\"@type\":\"ListItem\",\"position\":1,\"name\":\"Home\",\"item\":\"https:\\\/\\\/theletterfilm.org\\\/pt-br\\\/\"},{\"@type\":\"ListItem\",\"position\":2,\"name\":\"DOCUMENT\u00c1RIO INOVADOR DO YOUTUBE ORIGINALS COM O PAPA FRANCISCO GALVANIZA UM NOVO IMPULSO PARA A\u00c7\u00c3O SOBRE O CLIMA E A NATUREZA\"}]},{\"@type\":\"WebSite\",\"@id\":\"https:\\\/\\\/theletterfilm.org\\\/#website\",\"url\":\"https:\\\/\\\/theletterfilm.org\\\/\",\"name\":\"The Letter\",\"description\":\"Act Now\",\"publisher\":{\"@id\":\"https:\\\/\\\/theletterfilm.org\\\/#organization\"},\"potentialAction\":[{\"@type\":\"SearchAction\",\"target\":{\"@type\":\"EntryPoint\",\"urlTemplate\":\"https:\\\/\\\/theletterfilm.org\\\/?s={search_term_string}\"},\"query-input\":{\"@type\":\"PropertyValueSpecification\",\"valueRequired\":true,\"valueName\":\"search_term_string\"}}],\"inLanguage\":\"pt-BR\"},{\"@type\":\"Organization\",\"@id\":\"https:\\\/\\\/theletterfilm.org\\\/#organization\",\"name\":\"The Letter Film\",\"url\":\"https:\\\/\\\/theletterfilm.org\\\/\",\"logo\":{\"@type\":\"ImageObject\",\"inLanguage\":\"pt-BR\",\"@id\":\"https:\\\/\\\/theletterfilm.org\\\/#\\\/schema\\\/logo\\\/image\\\/\",\"url\":\"https:\\\/\\\/www1.theletterfilm.org\\\/wp-content\\\/uploads\\\/2020\\\/09\\\/EN_Letter0.png\",\"contentUrl\":\"https:\\\/\\\/www1.theletterfilm.org\\\/wp-content\\\/uploads\\\/2020\\\/09\\\/EN_Letter0.png\",\"width\":854,\"height\":214,\"caption\":\"The Letter Film\"},\"image\":{\"@id\":\"https:\\\/\\\/theletterfilm.org\\\/#\\\/schema\\\/logo\\\/image\\\/\"},\"sameAs\":[\"https:\\\/\\\/www.facebook.com\\\/profile.php?id=100085611172060\"]},{\"@type\":\"Person\",\"@id\":\"https:\\\/\\\/theletterfilm.org\\\/#\\\/schema\\\/person\\\/79cff1a6d5df6a02d56555cc24633bcf\",\"name\":\"The Letter\",\"image\":{\"@type\":\"ImageObject\",\"inLanguage\":\"pt-BR\",\"@id\":\"https:\\\/\\\/secure.gravatar.com\\\/avatar\\\/?s=96&d=mm&r=g\",\"url\":\"https:\\\/\\\/secure.gravatar.com\\\/avatar\\\/?s=96&d=mm&r=g\",\"contentUrl\":\"https:\\\/\\\/secure.gravatar.com\\\/avatar\\\/?s=96&d=mm&r=g\",\"caption\":\"The Letter\"},\"url\":\"https:\\\/\\\/theletterfilm.org\\\/pt-br\\\/author\\\/the-letter\\\/\"}]}<\/script>\n<!-- \/ Yoast SEO plugin. -->","yoast_head_json":{"title":"DOCUMENT\u00c1RIO INOVADOR DO YOUTUBE ORIGINALS COM O PAPA FRANCISCO GALVANIZA UM NOVO IMPULSO PARA A\u00c7\u00c3O SOBRE O CLIMA E A NATUREZA - The Letter","robots":{"index":"index","follow":"follow","max-snippet":"max-snippet:-1","max-image-preview":"max-image-preview:large","max-video-preview":"max-video-preview:-1"},"canonical":"https:\/\/theletterfilm.org\/pt-br\/2022\/10\/04\/documentario-inovador-do-youtube-originals-com-o-papa-francisco-galvaniza-um-novo-impulso-para-acao-sobre-o-clima-e-a-natureza\/","og_locale":"pt_BR","og_type":"article","og_title":"DOCUMENT\u00c1RIO INOVADOR DO YOUTUBE ORIGINALS COM O PAPA FRANCISCO GALVANIZA UM NOVO IMPULSO PARA A\u00c7\u00c3O SOBRE O CLIMA E A NATUREZA - The Letter","og_description":"Um novo document\u00e1rio sobre o poder da humanidade para deter a crise ecol\u00f3gica foi lan\u00e7ado em uma estreia global na Cidade do Vaticano hoje. Intitulado A Carta, o filme conta a hist\u00f3ria das viagens de diversas lideran\u00e7as da linha de frente a Roma para discutir a enc\u00edclica Laudato Si\u2019 com o Papa Francisco.","og_url":"https:\/\/theletterfilm.org\/pt-br\/2022\/10\/04\/documentario-inovador-do-youtube-originals-com-o-papa-francisco-galvaniza-um-novo-impulso-para-acao-sobre-o-clima-e-a-natureza\/","og_site_name":"The Letter","article_publisher":"https:\/\/www.facebook.com\/profile.php?id=100085611172060","article_published_time":"2022-10-04T12:30:00+00:00","article_modified_time":"2022-11-21T21:29:32+00:00","og_image":[{"width":2560,"height":1707,"url":"https:\/\/theletterfilm.org\/wp-content\/uploads\/2022\/10\/LAUDATO-SI_12-scaled-1.jpeg","type":"image\/jpeg"}],"author":"The Letter","twitter_card":"summary_large_image","twitter_misc":{"Escrito por":"The Letter","Est. tempo de leitura":"10 minutos"},"schema":{"@context":"https:\/\/schema.org","@graph":[{"@type":"Article","@id":"https:\/\/theletterfilm.org\/pt-br\/2022\/10\/04\/documentario-inovador-do-youtube-originals-com-o-papa-francisco-galvaniza-um-novo-impulso-para-acao-sobre-o-clima-e-a-natureza\/#article","isPartOf":{"@id":"https:\/\/theletterfilm.org\/pt-br\/2022\/10\/04\/documentario-inovador-do-youtube-originals-com-o-papa-francisco-galvaniza-um-novo-impulso-para-acao-sobre-o-clima-e-a-natureza\/"},"author":{"name":"The Letter","@id":"https:\/\/theletterfilm.org\/#\/schema\/person\/79cff1a6d5df6a02d56555cc24633bcf"},"headline":"DOCUMENT\u00c1RIO INOVADOR DO YOUTUBE ORIGINALS COM O PAPA FRANCISCO GALVANIZA UM NOVO IMPULSO PARA A\u00c7\u00c3O SOBRE O CLIMA E A NATUREZA","datePublished":"2022-10-04T12:30:00+00:00","dateModified":"2022-11-21T21:29:32+00:00","mainEntityOfPage":{"@id":"https:\/\/theletterfilm.org\/pt-br\/2022\/10\/04\/documentario-inovador-do-youtube-originals-com-o-papa-francisco-galvaniza-um-novo-impulso-para-acao-sobre-o-clima-e-a-natureza\/"},"wordCount":1951,"commentCount":0,"publisher":{"@id":"https:\/\/theletterfilm.org\/#organization"},"image":{"@id":"https:\/\/theletterfilm.org\/pt-br\/2022\/10\/04\/documentario-inovador-do-youtube-originals-com-o-papa-francisco-galvaniza-um-novo-impulso-para-acao-sobre-o-clima-e-a-natureza\/#primaryimage"},"thumbnailUrl":"https:\/\/theletterfilm.org\/wp-content\/uploads\/2022\/10\/LAUDATO-SI_12-scaled-1.jpeg","articleSection":["Novidades"],"inLanguage":"pt-BR","potentialAction":[{"@type":"CommentAction","name":"Comment","target":["https:\/\/theletterfilm.org\/pt-br\/2022\/10\/04\/documentario-inovador-do-youtube-originals-com-o-papa-francisco-galvaniza-um-novo-impulso-para-acao-sobre-o-clima-e-a-natureza\/#respond"]}]},{"@type":"WebPage","@id":"https:\/\/theletterfilm.org\/pt-br\/2022\/10\/04\/documentario-inovador-do-youtube-originals-com-o-papa-francisco-galvaniza-um-novo-impulso-para-acao-sobre-o-clima-e-a-natureza\/","url":"https:\/\/theletterfilm.org\/pt-br\/2022\/10\/04\/documentario-inovador-do-youtube-originals-com-o-papa-francisco-galvaniza-um-novo-impulso-para-acao-sobre-o-clima-e-a-natureza\/","name":"DOCUMENT\u00c1RIO INOVADOR DO YOUTUBE ORIGINALS COM O PAPA FRANCISCO GALVANIZA UM NOVO IMPULSO PARA A\u00c7\u00c3O SOBRE O CLIMA E A NATUREZA - The Letter","isPartOf":{"@id":"https:\/\/theletterfilm.org\/#website"},"primaryImageOfPage":{"@id":"https:\/\/theletterfilm.org\/pt-br\/2022\/10\/04\/documentario-inovador-do-youtube-originals-com-o-papa-francisco-galvaniza-um-novo-impulso-para-acao-sobre-o-clima-e-a-natureza\/#primaryimage"},"image":{"@id":"https:\/\/theletterfilm.org\/pt-br\/2022\/10\/04\/documentario-inovador-do-youtube-originals-com-o-papa-francisco-galvaniza-um-novo-impulso-para-acao-sobre-o-clima-e-a-natureza\/#primaryimage"},"thumbnailUrl":"https:\/\/theletterfilm.org\/wp-content\/uploads\/2022\/10\/LAUDATO-SI_12-scaled-1.jpeg","datePublished":"2022-10-04T12:30:00+00:00","dateModified":"2022-11-21T21:29:32+00:00","breadcrumb":{"@id":"https:\/\/theletterfilm.org\/pt-br\/2022\/10\/04\/documentario-inovador-do-youtube-originals-com-o-papa-francisco-galvaniza-um-novo-impulso-para-acao-sobre-o-clima-e-a-natureza\/#breadcrumb"},"inLanguage":"pt-BR","potentialAction":[{"@type":"ReadAction","target":["https:\/\/theletterfilm.org\/pt-br\/2022\/10\/04\/documentario-inovador-do-youtube-originals-com-o-papa-francisco-galvaniza-um-novo-impulso-para-acao-sobre-o-clima-e-a-natureza\/"]}]},{"@type":"ImageObject","inLanguage":"pt-BR","@id":"https:\/\/theletterfilm.org\/pt-br\/2022\/10\/04\/documentario-inovador-do-youtube-originals-com-o-papa-francisco-galvaniza-um-novo-impulso-para-acao-sobre-o-clima-e-a-natureza\/#primaryimage","url":"https:\/\/theletterfilm.org\/wp-content\/uploads\/2022\/10\/LAUDATO-SI_12-scaled-1.jpeg","contentUrl":"https:\/\/theletterfilm.org\/wp-content\/uploads\/2022\/10\/LAUDATO-SI_12-scaled-1.jpeg","width":2560,"height":1707},{"@type":"BreadcrumbList","@id":"https:\/\/theletterfilm.org\/pt-br\/2022\/10\/04\/documentario-inovador-do-youtube-originals-com-o-papa-francisco-galvaniza-um-novo-impulso-para-acao-sobre-o-clima-e-a-natureza\/#breadcrumb","itemListElement":[{"@type":"ListItem","position":1,"name":"Home","item":"https:\/\/theletterfilm.org\/pt-br\/"},{"@type":"ListItem","position":2,"name":"DOCUMENT\u00c1RIO INOVADOR DO YOUTUBE ORIGINALS COM O PAPA FRANCISCO GALVANIZA UM NOVO IMPULSO PARA A\u00c7\u00c3O SOBRE O CLIMA E A NATUREZA"}]},{"@type":"WebSite","@id":"https:\/\/theletterfilm.org\/#website","url":"https:\/\/theletterfilm.org\/","name":"The Letter","description":"Act Now","publisher":{"@id":"https:\/\/theletterfilm.org\/#organization"},"potentialAction":[{"@type":"SearchAction","target":{"@type":"EntryPoint","urlTemplate":"https:\/\/theletterfilm.org\/?s={search_term_string}"},"query-input":{"@type":"PropertyValueSpecification","valueRequired":true,"valueName":"search_term_string"}}],"inLanguage":"pt-BR"},{"@type":"Organization","@id":"https:\/\/theletterfilm.org\/#organization","name":"The Letter Film","url":"https:\/\/theletterfilm.org\/","logo":{"@type":"ImageObject","inLanguage":"pt-BR","@id":"https:\/\/theletterfilm.org\/#\/schema\/logo\/image\/","url":"https:\/\/www1.theletterfilm.org\/wp-content\/uploads\/2020\/09\/EN_Letter0.png","contentUrl":"https:\/\/www1.theletterfilm.org\/wp-content\/uploads\/2020\/09\/EN_Letter0.png","width":854,"height":214,"caption":"The Letter Film"},"image":{"@id":"https:\/\/theletterfilm.org\/#\/schema\/logo\/image\/"},"sameAs":["https:\/\/www.facebook.com\/profile.php?id=100085611172060"]},{"@type":"Person","@id":"https:\/\/theletterfilm.org\/#\/schema\/person\/79cff1a6d5df6a02d56555cc24633bcf","name":"The Letter","image":{"@type":"ImageObject","inLanguage":"pt-BR","@id":"https:\/\/secure.gravatar.com\/avatar\/?s=96&d=mm&r=g","url":"https:\/\/secure.gravatar.com\/avatar\/?s=96&d=mm&r=g","contentUrl":"https:\/\/secure.gravatar.com\/avatar\/?s=96&d=mm&r=g","caption":"The Letter"},"url":"https:\/\/theletterfilm.org\/pt-br\/author\/the-letter\/"}]}},"_links":{"self":[{"href":"https:\/\/theletterfilm.org\/pt-br\/wp-json\/wp\/v2\/posts\/241048","targetHints":{"allow":["GET"]}}],"collection":[{"href":"https:\/\/theletterfilm.org\/pt-br\/wp-json\/wp\/v2\/posts"}],"about":[{"href":"https:\/\/theletterfilm.org\/pt-br\/wp-json\/wp\/v2\/types\/post"}],"author":[{"embeddable":true,"href":"https:\/\/theletterfilm.org\/pt-br\/wp-json\/wp\/v2\/users\/2"}],"replies":[{"embeddable":true,"href":"https:\/\/theletterfilm.org\/pt-br\/wp-json\/wp\/v2\/comments?post=241048"}],"version-history":[{"count":0,"href":"https:\/\/theletterfilm.org\/pt-br\/wp-json\/wp\/v2\/posts\/241048\/revisions"}],"wp:featuredmedia":[{"embeddable":true,"href":"https:\/\/theletterfilm.org\/pt-br\/wp-json\/wp\/v2\/media\/240504"}],"wp:attachment":[{"href":"https:\/\/theletterfilm.org\/pt-br\/wp-json\/wp\/v2\/media?parent=241048"}],"wp:term":[{"taxonomy":"category","embeddable":true,"href":"https:\/\/theletterfilm.org\/pt-br\/wp-json\/wp\/v2\/categories?post=241048"},{"taxonomy":"post_tag","embeddable":true,"href":"https:\/\/theletterfilm.org\/pt-br\/wp-json\/wp\/v2\/tags?post=241048"}],"curies":[{"name":"wp","href":"https:\/\/api.w.org\/{rel}","templated":true}]}}