{"id":240819,"date":"2022-09-28T22:01:28","date_gmt":"2022-09-28T22:01:28","guid":{"rendered":"https:\/\/bold-cartwright.3-19-126-172.plesk.page\/2022\/09\/28\/arrivera-molto-presto-il-film-del-papa-sulla-laudato-si\/"},"modified":"2022-11-18T20:59:22","modified_gmt":"2022-11-18T20:59:22","slug":"arrivera-molto-presto-il-film-del-papa-sulla-laudato-si","status":"publish","type":"post","link":"https:\/\/theletterfilm.org\/it\/2022\/09\/28\/arrivera-molto-presto-il-film-del-papa-sulla-laudato-si\/","title":{"rendered":"Arriver\u00e0 (molto) presto il film del Papa sulla Laudato Si\u2019"},"content":{"rendered":"\n<p>Abbiamo delle notizie molto interessanti. Il 4 ottobre, <a href=\"https:\/\/www.youtube.com\/channel\/UCqVDpXKLmKeBU_yyt_QkItQ\" target=\"_blank\" rel=\"noreferrer noopener\">YouTube Originals<\/a> presenter\u00e0 in anteprima il grande documentario <em>La Lettera<\/em>, che racconta la storia dell\u2019 <a href=\"https:\/\/www.vatican.va\/content\/francesco\/en\/encyclicals\/documents\/papa-francesco_20150524_enciclica-laudato-si.html\" target=\"_blank\" rel=\"noreferrer noopener\">Enciclica Laudato Si<\/a>\u2019 e come la crisi climatica stia colpendo fortemente la Terra e tutti coloro che la abitano.<\/p>\n\n<p>Questo film \u00e8 il risultato di diversi anni di lavoro da parte del <a href=\"https:\/\/laudatosimovement.org\/\" target=\"_blank\" rel=\"noreferrer noopener\">Movimento Laudato Si\u2019<\/a> in collaborazione con <a href=\"https:\/\/www.offthefence.com\/\" target=\"_blank\" rel=\"noreferrer noopener\">Off the Fence<\/a>, una casa produttrice britannica che ha vinto un Oscar per il suo documentario <a href=\"https:\/\/www.offthefence.com\/Brand\/2728\/my-octopus-teacher\" target=\"_blank\" rel=\"noreferrer noopener\"><em>My Octopus Teacher<\/em><\/a>, e il Vaticano. <\/p>\n\n<p>Questo film \u00e8 il risultato di diversi anni di lavoro da parte del <a href=\"https:\/\/laudatosimovement.org\/\" target=\"_blank\" rel=\"noreferrer noopener\">Movimento Laudato Si\u2019<\/a> in collaborazione con <a href=\"https:\/\/www.offthefence.com\/\" target=\"_blank\" rel=\"noreferrer noopener\">Off the Fence<\/a>, una casa produttrice britannica che ha vinto un Oscar per il suo documentario <a href=\"https:\/\/www.offthefence.com\/Brand\/2728\/my-octopus-teacher\" target=\"_blank\" rel=\"noreferrer noopener\"><em>My Octopus Teacher<\/em><\/a>, e il Vaticano. <\/p>\n\n<p>Per noi \u00e8 un momento storico e molto emozionante. \u00c8 la pi\u00f9 grande iniziativa che abbiamo intrapreso come movimento finora e abbiamo il nostro Papa Francesco come protagonista del film! <\/p>\n\n<p>Oltre al Papa, che ha generosamente trascorso del tempo con noi durante la produzione, condividendo la sua profonda saggezza, nel film compaiono altre voci, che rappresentano le periferie della crisi ecologica.<\/p>\n\n<p>Ridhima, un\u2019adolescente attivista dell\u2019India, il capo Dada, un leader indigeno dell\u2019Amazzonia, Arouna, un rifugiato climatico del Senegal, e Robin e Greg, una coppia sposata delle Hawaii. <\/p>\n\n<p>Le loro storie sono profetiche e commoventi. E hanno avuto modo di raccontare in prima persona al Papa le difficolt\u00e0 che stanno attraversando e come la crisi climatica li tocca da vicino.<\/p>\n\n<p><strong>Il tuo appoggio \u00e8 molto importante <\/strong><\/p>\n\n<p>Insieme, dobbiamo sfruttare al meglio questa preziosa opportunit\u00e0 e diffondere su larga scala la saggezza della Laudato Si\u2019. Contiamo su di voi per spargere la voce a tutti i vostri amici e conoscenti di questa incredibile iniziativa.<\/p>\n\n<p>D\u2019altro lato, <a href=\"https:\/\/laudatosimovement.org\/donate-the-letter\/\" target=\"_blank\" rel=\"noreferrer noopener\"><strong>stiamo cercando donazioni per rilanciare la campagna del film<\/strong><\/a> e assicurarsi che sia ampiamente conosciuto in tutta la Chiesa e oltre. Stiamo iniziando a lavorare con i leader e i membri del nostro movimento affinch\u00e9 il film venga proiettato in quante pi\u00f9 parrocchie e comunit\u00e0 possibili in tutti i continenti.<\/p>\n\n<p>Oggi ci rivolgiamo umilmente a te per chiederti, If you are able to, I encourage you to please <a href=\"https:\/\/laudatosimovement.org\/donate-the-letter\/\" target=\"_blank\" rel=\"noreferrer noopener\"><strong>consider<\/strong> <strong>donating today to ensure the film reaches every corner of the world. <\/strong><\/a> <\/p>\n\n<h5 class=\"wp-block-heading\"><a href=\"https:\/\/laudatosimovement.org\/donate-the-letter\/\" target=\"_blank\" rel=\"noreferrer noopener\"><strong>DONARE 10 $<\/strong><\/a><\/h5>\n\n<p>Il film sar\u00e0 presentato in anteprima nella Citt\u00e0 del Vaticano il 4 ottobre, festa di San Francesco d\u2019Assisi e giorno di chiusura del Tempo del Creato. Poche ore dopo sar\u00e0 disponibile per tutti la visione gratuita su YouTube <\/p>\n\n<p>Sogniamo che il lancio porter\u00e0 successivamente un\u2019onda d\u2019urto di proiezioni in tutto il mondo e una campagna per fornire strumenti concreti alle comunit\u00e0 per intraprendere azioni coraggiose per il clima e la giustizia ecologica. <\/p>\n\n<p>Inoltre, porteremo il film nelle sale del potere \u2013 dai parlamenti ai vertici delle Nazioni Unite come il COP27 e il COP15 \u2013 chiedendo un\u2019azione urgente da parte dei politici.<\/p>\n\n<p>Sar\u00e0 molto lavoro, ma siamo molto entusiasti. Contiamo su di te!<\/p>\n","protected":false},"excerpt":{"rendered":"<p>Il 4 ottobre, YouTube Originals presenter\u00e0 in anteprima il grande documentario La Lettera, che racconta la storia dell\u2019 Enciclica Laudato Si&#8217;<\/p>\n","protected":false},"author":2,"featured_media":240497,"comment_status":"open","ping_status":"open","sticky":false,"template":"","format":"standard","meta":{"_et_pb_use_builder":"","_et_pb_old_content":"","_et_gb_content_width":"","footnotes":""},"categories":[77,76],"tags":[],"class_list":["post-240819","post","type-post","status-publish","format-standard","has-post-thumbnail","hentry","category-blogs-it","category-notizie"],"yoast_head":"<!-- This site is optimized with the Yoast SEO plugin v27.4 - https:\/\/yoast.com\/product\/yoast-seo-wordpress\/ -->\n<title>Arriver\u00e0 (molto) presto il film del Papa sulla Laudato Si\u2019 - The Letter<\/title>\n<meta name=\"robots\" content=\"index, follow, max-snippet:-1, max-image-preview:large, max-video-preview:-1\" \/>\n<link rel=\"canonical\" href=\"https:\/\/theletterfilm.org\/it\/2022\/09\/28\/arrivera-molto-presto-il-film-del-papa-sulla-laudato-si\/\" \/>\n<meta property=\"og:locale\" content=\"it_IT\" \/>\n<meta property=\"og:type\" content=\"article\" \/>\n<meta property=\"og:title\" content=\"Arriver\u00e0 (molto) presto il film del Papa sulla Laudato Si\u2019 - The Letter\" \/>\n<meta property=\"og:description\" content=\"Il 4 ottobre, YouTube Originals presenter\u00e0 in anteprima il grande documentario La Lettera, che racconta la storia dell\u2019 Enciclica Laudato Si&#039;\" \/>\n<meta property=\"og:url\" content=\"https:\/\/theletterfilm.org\/it\/2022\/09\/28\/arrivera-molto-presto-il-film-del-papa-sulla-laudato-si\/\" \/>\n<meta property=\"og:site_name\" content=\"The Letter\" \/>\n<meta property=\"article:publisher\" content=\"https:\/\/www.facebook.com\/profile.php?id=100085611172060\" \/>\n<meta property=\"article:published_time\" content=\"2022-09-28T22:01:28+00:00\" \/>\n<meta property=\"article:modified_time\" content=\"2022-11-18T20:59:22+00:00\" \/>\n<meta property=\"og:image\" content=\"https:\/\/theletterfilm.org\/wp-content\/uploads\/2022\/09\/After-pope-meeting-5-scaled-1.jpeg\" \/>\n\t<meta property=\"og:image:width\" content=\"2560\" \/>\n\t<meta property=\"og:image:height\" content=\"1350\" \/>\n\t<meta property=\"og:image:type\" content=\"image\/jpeg\" \/>\n<meta name=\"author\" content=\"The Letter\" \/>\n<meta name=\"twitter:card\" content=\"summary_large_image\" \/>\n<meta name=\"twitter:label1\" content=\"Scritto da\" \/>\n\t<meta name=\"twitter:data1\" content=\"The Letter\" \/>\n\t<meta name=\"twitter:label2\" content=\"Tempo di lettura stimato\" \/>\n\t<meta name=\"twitter:data2\" content=\"2 minuti\" \/>\n<script type=\"application\/ld+json\" class=\"yoast-schema-graph\">{\"@context\":\"https:\\\/\\\/schema.org\",\"@graph\":[{\"@type\":\"Article\",\"@id\":\"https:\\\/\\\/theletterfilm.org\\\/it\\\/2022\\\/09\\\/28\\\/arrivera-molto-presto-il-film-del-papa-sulla-laudato-si\\\/#article\",\"isPartOf\":{\"@id\":\"https:\\\/\\\/theletterfilm.org\\\/it\\\/2022\\\/09\\\/28\\\/arrivera-molto-presto-il-film-del-papa-sulla-laudato-si\\\/\"},\"author\":{\"name\":\"The Letter\",\"@id\":\"https:\\\/\\\/theletterfilm.org\\\/#\\\/schema\\\/person\\\/79cff1a6d5df6a02d56555cc24633bcf\"},\"headline\":\"Arriver\u00e0 (molto) presto il film del Papa sulla Laudato Si\u2019\",\"datePublished\":\"2022-09-28T22:01:28+00:00\",\"dateModified\":\"2022-11-18T20:59:22+00:00\",\"mainEntityOfPage\":{\"@id\":\"https:\\\/\\\/theletterfilm.org\\\/it\\\/2022\\\/09\\\/28\\\/arrivera-molto-presto-il-film-del-papa-sulla-laudato-si\\\/\"},\"wordCount\":492,\"commentCount\":0,\"publisher\":{\"@id\":\"https:\\\/\\\/theletterfilm.org\\\/#organization\"},\"image\":{\"@id\":\"https:\\\/\\\/theletterfilm.org\\\/it\\\/2022\\\/09\\\/28\\\/arrivera-molto-presto-il-film-del-papa-sulla-laudato-si\\\/#primaryimage\"},\"thumbnailUrl\":\"https:\\\/\\\/theletterfilm.org\\\/wp-content\\\/uploads\\\/2022\\\/09\\\/After-pope-meeting-5-scaled-1.jpeg\",\"articleSection\":[\"Blogs\",\"Notizie\"],\"inLanguage\":\"it-IT\",\"potentialAction\":[{\"@type\":\"CommentAction\",\"name\":\"Comment\",\"target\":[\"https:\\\/\\\/theletterfilm.org\\\/it\\\/2022\\\/09\\\/28\\\/arrivera-molto-presto-il-film-del-papa-sulla-laudato-si\\\/#respond\"]}]},{\"@type\":\"WebPage\",\"@id\":\"https:\\\/\\\/theletterfilm.org\\\/it\\\/2022\\\/09\\\/28\\\/arrivera-molto-presto-il-film-del-papa-sulla-laudato-si\\\/\",\"url\":\"https:\\\/\\\/theletterfilm.org\\\/it\\\/2022\\\/09\\\/28\\\/arrivera-molto-presto-il-film-del-papa-sulla-laudato-si\\\/\",\"name\":\"Arriver\u00e0 (molto) presto il film del Papa sulla Laudato Si\u2019 - The Letter\",\"isPartOf\":{\"@id\":\"https:\\\/\\\/theletterfilm.org\\\/#website\"},\"primaryImageOfPage\":{\"@id\":\"https:\\\/\\\/theletterfilm.org\\\/it\\\/2022\\\/09\\\/28\\\/arrivera-molto-presto-il-film-del-papa-sulla-laudato-si\\\/#primaryimage\"},\"image\":{\"@id\":\"https:\\\/\\\/theletterfilm.org\\\/it\\\/2022\\\/09\\\/28\\\/arrivera-molto-presto-il-film-del-papa-sulla-laudato-si\\\/#primaryimage\"},\"thumbnailUrl\":\"https:\\\/\\\/theletterfilm.org\\\/wp-content\\\/uploads\\\/2022\\\/09\\\/After-pope-meeting-5-scaled-1.jpeg\",\"datePublished\":\"2022-09-28T22:01:28+00:00\",\"dateModified\":\"2022-11-18T20:59:22+00:00\",\"breadcrumb\":{\"@id\":\"https:\\\/\\\/theletterfilm.org\\\/it\\\/2022\\\/09\\\/28\\\/arrivera-molto-presto-il-film-del-papa-sulla-laudato-si\\\/#breadcrumb\"},\"inLanguage\":\"it-IT\",\"potentialAction\":[{\"@type\":\"ReadAction\",\"target\":[\"https:\\\/\\\/theletterfilm.org\\\/it\\\/2022\\\/09\\\/28\\\/arrivera-molto-presto-il-film-del-papa-sulla-laudato-si\\\/\"]}]},{\"@type\":\"ImageObject\",\"inLanguage\":\"it-IT\",\"@id\":\"https:\\\/\\\/theletterfilm.org\\\/it\\\/2022\\\/09\\\/28\\\/arrivera-molto-presto-il-film-del-papa-sulla-laudato-si\\\/#primaryimage\",\"url\":\"https:\\\/\\\/theletterfilm.org\\\/wp-content\\\/uploads\\\/2022\\\/09\\\/After-pope-meeting-5-scaled-1.jpeg\",\"contentUrl\":\"https:\\\/\\\/theletterfilm.org\\\/wp-content\\\/uploads\\\/2022\\\/09\\\/After-pope-meeting-5-scaled-1.jpeg\",\"width\":2560,\"height\":1350},{\"@type\":\"BreadcrumbList\",\"@id\":\"https:\\\/\\\/theletterfilm.org\\\/it\\\/2022\\\/09\\\/28\\\/arrivera-molto-presto-il-film-del-papa-sulla-laudato-si\\\/#breadcrumb\",\"itemListElement\":[{\"@type\":\"ListItem\",\"position\":1,\"name\":\"Home\",\"item\":\"https:\\\/\\\/theletterfilm.org\\\/it\\\/\"},{\"@type\":\"ListItem\",\"position\":2,\"name\":\"Arriver\u00e0 (molto) presto il film del Papa sulla Laudato Si\u2019\"}]},{\"@type\":\"WebSite\",\"@id\":\"https:\\\/\\\/theletterfilm.org\\\/#website\",\"url\":\"https:\\\/\\\/theletterfilm.org\\\/\",\"name\":\"The Letter\",\"description\":\"Act Now\",\"publisher\":{\"@id\":\"https:\\\/\\\/theletterfilm.org\\\/#organization\"},\"potentialAction\":[{\"@type\":\"SearchAction\",\"target\":{\"@type\":\"EntryPoint\",\"urlTemplate\":\"https:\\\/\\\/theletterfilm.org\\\/?s={search_term_string}\"},\"query-input\":{\"@type\":\"PropertyValueSpecification\",\"valueRequired\":true,\"valueName\":\"search_term_string\"}}],\"inLanguage\":\"it-IT\"},{\"@type\":\"Organization\",\"@id\":\"https:\\\/\\\/theletterfilm.org\\\/#organization\",\"name\":\"The Letter Film\",\"url\":\"https:\\\/\\\/theletterfilm.org\\\/\",\"logo\":{\"@type\":\"ImageObject\",\"inLanguage\":\"it-IT\",\"@id\":\"https:\\\/\\\/theletterfilm.org\\\/#\\\/schema\\\/logo\\\/image\\\/\",\"url\":\"https:\\\/\\\/www1.theletterfilm.org\\\/wp-content\\\/uploads\\\/2020\\\/09\\\/EN_Letter0.png\",\"contentUrl\":\"https:\\\/\\\/www1.theletterfilm.org\\\/wp-content\\\/uploads\\\/2020\\\/09\\\/EN_Letter0.png\",\"width\":854,\"height\":214,\"caption\":\"The Letter Film\"},\"image\":{\"@id\":\"https:\\\/\\\/theletterfilm.org\\\/#\\\/schema\\\/logo\\\/image\\\/\"},\"sameAs\":[\"https:\\\/\\\/www.facebook.com\\\/profile.php?id=100085611172060\"]},{\"@type\":\"Person\",\"@id\":\"https:\\\/\\\/theletterfilm.org\\\/#\\\/schema\\\/person\\\/79cff1a6d5df6a02d56555cc24633bcf\",\"name\":\"The Letter\",\"image\":{\"@type\":\"ImageObject\",\"inLanguage\":\"it-IT\",\"@id\":\"https:\\\/\\\/secure.gravatar.com\\\/avatar\\\/?s=96&d=mm&r=g\",\"url\":\"https:\\\/\\\/secure.gravatar.com\\\/avatar\\\/?s=96&d=mm&r=g\",\"contentUrl\":\"https:\\\/\\\/secure.gravatar.com\\\/avatar\\\/?s=96&d=mm&r=g\",\"caption\":\"The Letter\"},\"url\":\"https:\\\/\\\/theletterfilm.org\\\/it\\\/author\\\/the-letter\\\/\"}]}<\/script>\n<!-- \/ Yoast SEO plugin. -->","yoast_head_json":{"title":"Arriver\u00e0 (molto) presto il film del Papa sulla Laudato Si\u2019 - The Letter","robots":{"index":"index","follow":"follow","max-snippet":"max-snippet:-1","max-image-preview":"max-image-preview:large","max-video-preview":"max-video-preview:-1"},"canonical":"https:\/\/theletterfilm.org\/it\/2022\/09\/28\/arrivera-molto-presto-il-film-del-papa-sulla-laudato-si\/","og_locale":"it_IT","og_type":"article","og_title":"Arriver\u00e0 (molto) presto il film del Papa sulla Laudato Si\u2019 - The Letter","og_description":"Il 4 ottobre, YouTube Originals presenter\u00e0 in anteprima il grande documentario La Lettera, che racconta la storia dell\u2019 Enciclica Laudato Si'","og_url":"https:\/\/theletterfilm.org\/it\/2022\/09\/28\/arrivera-molto-presto-il-film-del-papa-sulla-laudato-si\/","og_site_name":"The Letter","article_publisher":"https:\/\/www.facebook.com\/profile.php?id=100085611172060","article_published_time":"2022-09-28T22:01:28+00:00","article_modified_time":"2022-11-18T20:59:22+00:00","og_image":[{"width":2560,"height":1350,"url":"https:\/\/theletterfilm.org\/wp-content\/uploads\/2022\/09\/After-pope-meeting-5-scaled-1.jpeg","type":"image\/jpeg"}],"author":"The Letter","twitter_card":"summary_large_image","twitter_misc":{"Scritto da":"The Letter","Tempo di lettura stimato":"2 minuti"},"schema":{"@context":"https:\/\/schema.org","@graph":[{"@type":"Article","@id":"https:\/\/theletterfilm.org\/it\/2022\/09\/28\/arrivera-molto-presto-il-film-del-papa-sulla-laudato-si\/#article","isPartOf":{"@id":"https:\/\/theletterfilm.org\/it\/2022\/09\/28\/arrivera-molto-presto-il-film-del-papa-sulla-laudato-si\/"},"author":{"name":"The Letter","@id":"https:\/\/theletterfilm.org\/#\/schema\/person\/79cff1a6d5df6a02d56555cc24633bcf"},"headline":"Arriver\u00e0 (molto) presto il film del Papa sulla Laudato Si\u2019","datePublished":"2022-09-28T22:01:28+00:00","dateModified":"2022-11-18T20:59:22+00:00","mainEntityOfPage":{"@id":"https:\/\/theletterfilm.org\/it\/2022\/09\/28\/arrivera-molto-presto-il-film-del-papa-sulla-laudato-si\/"},"wordCount":492,"commentCount":0,"publisher":{"@id":"https:\/\/theletterfilm.org\/#organization"},"image":{"@id":"https:\/\/theletterfilm.org\/it\/2022\/09\/28\/arrivera-molto-presto-il-film-del-papa-sulla-laudato-si\/#primaryimage"},"thumbnailUrl":"https:\/\/theletterfilm.org\/wp-content\/uploads\/2022\/09\/After-pope-meeting-5-scaled-1.jpeg","articleSection":["Blogs","Notizie"],"inLanguage":"it-IT","potentialAction":[{"@type":"CommentAction","name":"Comment","target":["https:\/\/theletterfilm.org\/it\/2022\/09\/28\/arrivera-molto-presto-il-film-del-papa-sulla-laudato-si\/#respond"]}]},{"@type":"WebPage","@id":"https:\/\/theletterfilm.org\/it\/2022\/09\/28\/arrivera-molto-presto-il-film-del-papa-sulla-laudato-si\/","url":"https:\/\/theletterfilm.org\/it\/2022\/09\/28\/arrivera-molto-presto-il-film-del-papa-sulla-laudato-si\/","name":"Arriver\u00e0 (molto) presto il film del Papa sulla Laudato Si\u2019 - The Letter","isPartOf":{"@id":"https:\/\/theletterfilm.org\/#website"},"primaryImageOfPage":{"@id":"https:\/\/theletterfilm.org\/it\/2022\/09\/28\/arrivera-molto-presto-il-film-del-papa-sulla-laudato-si\/#primaryimage"},"image":{"@id":"https:\/\/theletterfilm.org\/it\/2022\/09\/28\/arrivera-molto-presto-il-film-del-papa-sulla-laudato-si\/#primaryimage"},"thumbnailUrl":"https:\/\/theletterfilm.org\/wp-content\/uploads\/2022\/09\/After-pope-meeting-5-scaled-1.jpeg","datePublished":"2022-09-28T22:01:28+00:00","dateModified":"2022-11-18T20:59:22+00:00","breadcrumb":{"@id":"https:\/\/theletterfilm.org\/it\/2022\/09\/28\/arrivera-molto-presto-il-film-del-papa-sulla-laudato-si\/#breadcrumb"},"inLanguage":"it-IT","potentialAction":[{"@type":"ReadAction","target":["https:\/\/theletterfilm.org\/it\/2022\/09\/28\/arrivera-molto-presto-il-film-del-papa-sulla-laudato-si\/"]}]},{"@type":"ImageObject","inLanguage":"it-IT","@id":"https:\/\/theletterfilm.org\/it\/2022\/09\/28\/arrivera-molto-presto-il-film-del-papa-sulla-laudato-si\/#primaryimage","url":"https:\/\/theletterfilm.org\/wp-content\/uploads\/2022\/09\/After-pope-meeting-5-scaled-1.jpeg","contentUrl":"https:\/\/theletterfilm.org\/wp-content\/uploads\/2022\/09\/After-pope-meeting-5-scaled-1.jpeg","width":2560,"height":1350},{"@type":"BreadcrumbList","@id":"https:\/\/theletterfilm.org\/it\/2022\/09\/28\/arrivera-molto-presto-il-film-del-papa-sulla-laudato-si\/#breadcrumb","itemListElement":[{"@type":"ListItem","position":1,"name":"Home","item":"https:\/\/theletterfilm.org\/it\/"},{"@type":"ListItem","position":2,"name":"Arriver\u00e0 (molto) presto il film del Papa sulla Laudato Si\u2019"}]},{"@type":"WebSite","@id":"https:\/\/theletterfilm.org\/#website","url":"https:\/\/theletterfilm.org\/","name":"The Letter","description":"Act Now","publisher":{"@id":"https:\/\/theletterfilm.org\/#organization"},"potentialAction":[{"@type":"SearchAction","target":{"@type":"EntryPoint","urlTemplate":"https:\/\/theletterfilm.org\/?s={search_term_string}"},"query-input":{"@type":"PropertyValueSpecification","valueRequired":true,"valueName":"search_term_string"}}],"inLanguage":"it-IT"},{"@type":"Organization","@id":"https:\/\/theletterfilm.org\/#organization","name":"The Letter Film","url":"https:\/\/theletterfilm.org\/","logo":{"@type":"ImageObject","inLanguage":"it-IT","@id":"https:\/\/theletterfilm.org\/#\/schema\/logo\/image\/","url":"https:\/\/www1.theletterfilm.org\/wp-content\/uploads\/2020\/09\/EN_Letter0.png","contentUrl":"https:\/\/www1.theletterfilm.org\/wp-content\/uploads\/2020\/09\/EN_Letter0.png","width":854,"height":214,"caption":"The Letter Film"},"image":{"@id":"https:\/\/theletterfilm.org\/#\/schema\/logo\/image\/"},"sameAs":["https:\/\/www.facebook.com\/profile.php?id=100085611172060"]},{"@type":"Person","@id":"https:\/\/theletterfilm.org\/#\/schema\/person\/79cff1a6d5df6a02d56555cc24633bcf","name":"The Letter","image":{"@type":"ImageObject","inLanguage":"it-IT","@id":"https:\/\/secure.gravatar.com\/avatar\/?s=96&d=mm&r=g","url":"https:\/\/secure.gravatar.com\/avatar\/?s=96&d=mm&r=g","contentUrl":"https:\/\/secure.gravatar.com\/avatar\/?s=96&d=mm&r=g","caption":"The Letter"},"url":"https:\/\/theletterfilm.org\/it\/author\/the-letter\/"}]}},"_links":{"self":[{"href":"https:\/\/theletterfilm.org\/it\/wp-json\/wp\/v2\/posts\/240819","targetHints":{"allow":["GET"]}}],"collection":[{"href":"https:\/\/theletterfilm.org\/it\/wp-json\/wp\/v2\/posts"}],"about":[{"href":"https:\/\/theletterfilm.org\/it\/wp-json\/wp\/v2\/types\/post"}],"author":[{"embeddable":true,"href":"https:\/\/theletterfilm.org\/it\/wp-json\/wp\/v2\/users\/2"}],"replies":[{"embeddable":true,"href":"https:\/\/theletterfilm.org\/it\/wp-json\/wp\/v2\/comments?post=240819"}],"version-history":[{"count":0,"href":"https:\/\/theletterfilm.org\/it\/wp-json\/wp\/v2\/posts\/240819\/revisions"}],"wp:featuredmedia":[{"embeddable":true,"href":"https:\/\/theletterfilm.org\/it\/wp-json\/wp\/v2\/media\/240497"}],"wp:attachment":[{"href":"https:\/\/theletterfilm.org\/it\/wp-json\/wp\/v2\/media?parent=240819"}],"wp:term":[{"taxonomy":"category","embeddable":true,"href":"https:\/\/theletterfilm.org\/it\/wp-json\/wp\/v2\/categories?post=240819"},{"taxonomy":"post_tag","embeddable":true,"href":"https:\/\/theletterfilm.org\/it\/wp-json\/wp\/v2\/tags?post=240819"}],"curies":[{"name":"wp","href":"https:\/\/api.w.org\/{rel}","templated":true}]}}