{"id":240811,"date":"2022-10-04T15:53:35","date_gmt":"2022-10-04T15:53:35","guid":{"rendered":"https:\/\/bold-cartwright.3-19-126-172.plesk.page\/2022\/10\/04\/la-lettera-un-film-sul-dialogo-che-invita-a-cambiare-idea\/"},"modified":"2022-11-18T20:33:23","modified_gmt":"2022-11-18T20:33:23","slug":"la-lettera-un-film-sul-dialogo-che-invita-a-cambiare-idea","status":"publish","type":"post","link":"https:\/\/theletterfilm.org\/it\/2022\/10\/04\/la-lettera-un-film-sul-dialogo-che-invita-a-cambiare-idea\/","title":{"rendered":"\u201cLa Lettera\u201d, un film sul dialogo che invita a cambiare idea"},"content":{"rendered":"\n<p class=\"has-drop-cap\">Marted\u00ec mattina, 4 ottobre, festa di San Francesco d\u2019Assisi, si \u00e8 tenuta nella Sala Stampa Vaticana una conferenza stampa sulla prima del film <em><a href=\"https:\/\/www1.theletterfilm.org\/it\/\" target=\"_blank\" rel=\"noreferrer noopener\">La Lettera<\/a><\/em> Il film racconta la storia dei viaggi di diversi leader in prima linea a Roma per parlare dell\u2019enciclica Laudato Si\u2019 con Papa Francesco.<\/p>\n\n<p>Alla conferenza stampa sono intervenuti il \u200b\u200bCardinale Michael Czerny, Prefetto <a href=\"https:\/\/www.humandevelopment.va\/en.html\" target=\"_blank\" rel=\"noreferrer noopener\">del Dicastero per il Servizio dello Sviluppo Umano Integrale<\/a>Dr. Hoesung Lee, Presidente del Gruppo Intergovernativo di Esperti sul Cambiamento Climatico; Capo Odair \u201cDad\u00e1\u201d Borari, protagonista del film e Capo Generale del Territorio Indigeno Mar\u00f3, Par\u00e1, Brasile; Dott.ssa Lorna Gold, Presidente del Consiglio di Amministrazione del <a href=\"https:\/\/laudatosimovement.org\/\" target=\"_blank\" rel=\"noreferrer noopener\">Movimento Laudato Si\u2019<\/a>; e Nicolas Brown, Scrittore e Direttore di <em>La Lettera<\/em>, il tutto presentato da Matteo Bruni, Direttore della Sala Stampa della Santa Sede.<\/p>\n\n<p><strong>GUARDA: Replica della conferenza stampa completa<\/strong><\/p>\n\n<figure class=\"wp-block-embed is-type-video is-provider-youtube wp-block-embed-youtube wp-embed-aspect-16-9 wp-has-aspect-ratio\"><div class=\"wp-block-embed__wrapper\">\n<iframe loading=\"lazy\" title=\"The Letter: Laudato Si | Press Conference\" width=\"1080\" height=\"608\" src=\"https:\/\/www.youtube.com\/embed\/39QcvKFFnes?feature=oembed\"  allow=\"accelerometer; autoplay; clipboard-write; encrypted-media; gyroscope; picture-in-picture\" allowfullscreen><\/iframe>\n<\/div><\/figure>\n\n<p><strong>Il Cardinale Michael Czerny<\/strong>, ha affermato: \u201cIl grande tesoro della saggezza della Laudato Si deve essere molto pi\u00f9 conosciuto e messo in pratica\u201d, riferendosi al fatto che, a sette anni dal lancio dell\u2019enciclica, il suo messaggio \u00e8 ancora sconosciuto e la crisi ambientale della nostra casa comune \u00e8 peggiorata drasticamente.<\/p>\n\n<figure class=\"wp-block-pullquote alignright\"><blockquote><p>\u201cQuesto bellissimo film \u2013 una storia straziante ma piena di speranza \u2013 \u00e8 un grido squillante per le persone di tutto il mondo: svegliati! Sii serio! Agire insieme! Agisci ora!\u201d<\/p><cite><strong>Il Cardinale Michael Czerny<\/strong><\/cite><\/blockquote><\/figure>\n\n<p>Il Cardinale ha spiegato il senso del titolo del film: \u201cIl nostro Dicastero ha inviato una lettera ai protagonisti del film invitandoli a incontrare il Santo Padre per un dialogo con Lui. Quindi, il film \u201cLa Lettera\u201d mette in evidenza il concetto chiave del dialogo\u201d. Ma ha anche aggiunto: \u201cAffinch\u00e9 questo dialogo sia autentico, tutte le voci dovrebbero essere ascoltate\u201d.<\/p>\n\n<p>Il Presidente del Gruppo Intergovernativo sul Cambiamento Climatico, <strong>Dr. Hoesung Lee<\/strong>, ha iniziato dicendo: \u201cOggi \u00e8 un giorno speciale per l\u2019alleanza tra scienza e fede\u201d, perch\u00e9, oltre a celebrare la prima di \u2018La Lettera\u2019, celebra anche \u201cL\u2019entrata ufficiale della Santa Sede nell\u2019Accordo di Parigi sul cambiamento climatico che entra in vigore oggi.\u201d <\/p>\n\n<p>\u201cL\u2019umanit\u00e0 \u00e8 a un bivio\u201d, ha detto. \u201cSia la comunit\u00e0 scientifica che quella di fede sono chiare: il pianeta \u00e8 in crisi e i suoi sistemi di supporto vitale sono in pericolo. La posta in gioco non \u00e8 mai stata cos\u00ec alta. Possa il mondo ricevere questa \u201cLettera\u201d con cuore aperto e mente aperta\u201d.<\/p>\n\n<figure class=\"wp-block-image size-large\"><img decoding=\"async\" src=\"https:\/\/www1.theletterfilm.org\/wp-content\/uploads\/2022\/10\/IMG_8898-1024x683.jpg\" alt=\"\" class=\"wp-image-4122\"\/><\/figure>\n\n<p>Il regista di <em>La lettera<\/em>, <strong>Nicolas Brown<\/strong>,ha ringraziato i suoi colleghi e tutti coloro che hanno partecipato alla realizzazione del film in particolare le quattro voci coinvolte: \u201cQueste voci sono in prima linea, e sono le pi\u00f9 esperte a raccontarci la realt\u00e0 di ci\u00f2 che sta accadendo in relazione alla crisi climatica\u201d, partendo da una prospettiva diversa rispetto alla comunit\u00e0 scientifica.<\/p>\n\n<p>In seguito \u00e8 intervenuto uno dei protagonisti del film, <strong>Capo Odair \u201cDad\u00e1\u201d Borari<\/strong>: \u201cSono qui ancora una volta per parlare a nome della foresta e della popolazione indigena. Non vogliamo vedere la foresta amazzonica finita, perch\u00e9 la vita \u00e8 in esso\u201d. Il Capo ha affermato di aver subito le conseguenze della difesa dell\u2019Amazzonia e ha chiesto ai presidenti di ascoltare questo messaggio: \u201cLa foresta chiede aiuto e di mantenerla in vita, non dipende solo dagli indigeni, ma da tutti, specialmente dal governo. Uniamoci per proteggerla.\u201d <\/p>\n\n<p>Alla domanda sulle sue aspettative per le elezioni in Brasile, ha detto: \u201cCi auguriamo che il nuovo presidente pensi all\u2019Amazzonia e alle nuove politiche per lo sviluppo del Brasile\u201d.<\/p>\n\n<figure class=\"wp-block-image size-large\"><img decoding=\"async\" src=\"https:\/\/www1.theletterfilm.org\/wp-content\/uploads\/2022\/10\/DSC00018-1024x576.jpg\" alt=\"\" class=\"wp-image-4117\"\/><\/figure>\n\n<p>In rappresentanza del Movimento Laudato Si\u2019 e come partecipante al film, <strong>Lorna Gold<\/strong> ha spiegato che \u201cl\u2019essenza di questo film \u00e8 portare questo libro meraviglioso a un nuovo pubblico\u201d, rispondendo all\u2019intenzione di Papa Francesco nello scrivere Laudato Si\u2019. \u201cMa sappiamo che non tutte le persone lo hanno letto, quindi come li raggiungiamo? \u00c8 cos\u00ec che ci \u00e8 venuta l\u2019idea di fare un film documentario\u201d.<\/p>\n\n<p>\u201cQuando abbiamo chiesto a Nicolas di aiutarci a realizzare un film sulla Laudato Si\u2019, ha detto: \u201cMa\u2026 non c\u2019\u00e8 trama\u201d. Ecco perch\u00e9 Gold ha evidenziato il lavoro di Off the Fence per raccontare questa storia: \u201cL\u2019unico modo per raccontare la storia della Laudato Si\u2019 \u00e8 di entrarci dentro. Questo \u00e8 un film sul dialogo tra varie voci e su come agire insieme per la casa comune\u201d. <\/p>\n\n<p>\u201cNon \u00e8 un caso che questo film esca nella festa di San Francesco d\u2019Assisi. Il film chiama tutti a cambiare il nostro cuore e questo \u00e8 il messaggio principale: dobbiamo sviluppare la capacit\u00e0 di prenderci cura gli uni degli altri\u201d.<\/p>\n\n<p>\u201cCome possiamo superare la \u2018resistenza\u2019 nelle nostre comunit\u00e0 per portare il giusto messaggio Laudato Si\u2019?\u201d ha chiesto un giornalista. \u201cIl Movimento Laudato Si\u2019 ha pi\u00f9 di 900 organizzazioni come alleate per aiutarci a portare il messaggio\u201d, ha affermato Lorna Gold. E il Cardinale Czerny ha aggiunto: \u201cLa chiave \u00e8 la conversione del cuore e sono molto fiducioso in questo\u201d. <\/p>\n\n<h2 class=\"wp-block-heading\"><a href=\"https:\/\/www1.theletterfilm.org\/it\/guarda\/\" target=\"_blank\" rel=\"noreferrer noopener\"><strong>GUARDA: il film completo oggi su YouTube Originals<\/strong><\/a><\/h2>\n\n<p><strong>Informazioni su La Lettera<\/strong>: Il film, prodotto dai vincitori di Oscar <a href=\"https:\/\/www.offthefence.com\/Production\/Home\" target=\"_blank\" rel=\"noreferrer noopener\">Off the Fence<\/a> (My Octopus Teacher) esplora questioni tra cui i diritti degli indigeni, la migrazione climatica e la leadership giovanile nel contesto dell\u2019azione sul clima e sulla natura. Il clou del film \u00e8 il dialogo esclusivo che i protagonisti hanno con Papa Francesco. <\/p>\n","protected":false},"excerpt":{"rendered":"<p>Nella Sala Stampa Vaticana si \u00e8 tenuta una conferenza stampa sulla prima del film La Lettera, guidata dal Cardinale Michael Czerny, Dottoressa Lorna Gold e da altri protagonisti del film.<\/p>\n","protected":false},"author":1,"featured_media":240507,"comment_status":"open","ping_status":"open","sticky":false,"template":"","format":"standard","meta":{"_et_pb_use_builder":"","_et_pb_old_content":"","_et_gb_content_width":"","footnotes":""},"categories":[76],"tags":[],"class_list":["post-240811","post","type-post","status-publish","format-standard","has-post-thumbnail","hentry","category-notizie"],"yoast_head":"<!-- This site is optimized with the Yoast SEO plugin v27.5 - https:\/\/yoast.com\/product\/yoast-seo-wordpress\/ -->\n<title>\u201cLa Lettera\u201d, un film sul dialogo che invita a cambiare idea - The Letter<\/title>\n<meta name=\"robots\" content=\"index, follow, max-snippet:-1, max-image-preview:large, max-video-preview:-1\" \/>\n<link rel=\"canonical\" href=\"https:\/\/theletterfilm.org\/it\/2022\/10\/04\/la-lettera-un-film-sul-dialogo-che-invita-a-cambiare-idea\/\" \/>\n<meta property=\"og:locale\" content=\"it_IT\" \/>\n<meta property=\"og:type\" content=\"article\" \/>\n<meta property=\"og:title\" content=\"\u201cLa Lettera\u201d, un film sul dialogo che invita a cambiare idea - The Letter\" \/>\n<meta property=\"og:description\" content=\"Nella Sala Stampa Vaticana si \u00e8 tenuta una conferenza stampa sulla prima del film La Lettera, guidata dal Cardinale Michael Czerny, Dottoressa Lorna Gold e da altri protagonisti del film.\" \/>\n<meta property=\"og:url\" content=\"https:\/\/theletterfilm.org\/it\/2022\/10\/04\/la-lettera-un-film-sul-dialogo-che-invita-a-cambiare-idea\/\" \/>\n<meta property=\"og:site_name\" content=\"The Letter\" \/>\n<meta property=\"article:publisher\" content=\"https:\/\/www.facebook.com\/profile.php?id=100085611172060\" \/>\n<meta property=\"article:published_time\" content=\"2022-10-04T15:53:35+00:00\" \/>\n<meta property=\"article:modified_time\" content=\"2022-11-18T20:33:23+00:00\" \/>\n<meta property=\"og:image\" content=\"https:\/\/theletterfilm.org\/wp-content\/uploads\/2022\/10\/DSC00022-scaled-1.jpeg\" \/>\n\t<meta property=\"og:image:width\" content=\"2560\" \/>\n\t<meta property=\"og:image:height\" content=\"1441\" \/>\n\t<meta property=\"og:image:type\" content=\"image\/jpeg\" \/>\n<meta name=\"author\" content=\"pazybien\" \/>\n<meta name=\"twitter:card\" content=\"summary_large_image\" \/>\n<meta name=\"twitter:label1\" content=\"Scritto da\" \/>\n\t<meta name=\"twitter:data1\" content=\"pazybien\" \/>\n\t<meta name=\"twitter:label2\" content=\"Tempo di lettura stimato\" \/>\n\t<meta name=\"twitter:data2\" content=\"4 minuti\" \/>\n<script type=\"application\/ld+json\" class=\"yoast-schema-graph\">{\"@context\":\"https:\\\/\\\/schema.org\",\"@graph\":[{\"@type\":\"Article\",\"@id\":\"https:\\\/\\\/theletterfilm.org\\\/it\\\/2022\\\/10\\\/04\\\/la-lettera-un-film-sul-dialogo-che-invita-a-cambiare-idea\\\/#article\",\"isPartOf\":{\"@id\":\"https:\\\/\\\/theletterfilm.org\\\/it\\\/2022\\\/10\\\/04\\\/la-lettera-un-film-sul-dialogo-che-invita-a-cambiare-idea\\\/\"},\"author\":{\"name\":\"pazybien\",\"@id\":\"https:\\\/\\\/theletterfilm.org\\\/#\\\/schema\\\/person\\\/06290e5f289f32703ab3506eacfc8b52\"},\"headline\":\"\u201cLa Lettera\u201d, un film sul dialogo che invita a cambiare idea\",\"datePublished\":\"2022-10-04T15:53:35+00:00\",\"dateModified\":\"2022-11-18T20:33:23+00:00\",\"mainEntityOfPage\":{\"@id\":\"https:\\\/\\\/theletterfilm.org\\\/it\\\/2022\\\/10\\\/04\\\/la-lettera-un-film-sul-dialogo-che-invita-a-cambiare-idea\\\/\"},\"wordCount\":863,\"commentCount\":0,\"publisher\":{\"@id\":\"https:\\\/\\\/theletterfilm.org\\\/#organization\"},\"image\":{\"@id\":\"https:\\\/\\\/theletterfilm.org\\\/it\\\/2022\\\/10\\\/04\\\/la-lettera-un-film-sul-dialogo-che-invita-a-cambiare-idea\\\/#primaryimage\"},\"thumbnailUrl\":\"https:\\\/\\\/theletterfilm.org\\\/wp-content\\\/uploads\\\/2022\\\/10\\\/DSC00022-scaled-1.jpeg\",\"articleSection\":[\"Notizie\"],\"inLanguage\":\"it-IT\",\"potentialAction\":[{\"@type\":\"CommentAction\",\"name\":\"Comment\",\"target\":[\"https:\\\/\\\/theletterfilm.org\\\/it\\\/2022\\\/10\\\/04\\\/la-lettera-un-film-sul-dialogo-che-invita-a-cambiare-idea\\\/#respond\"]}]},{\"@type\":\"WebPage\",\"@id\":\"https:\\\/\\\/theletterfilm.org\\\/it\\\/2022\\\/10\\\/04\\\/la-lettera-un-film-sul-dialogo-che-invita-a-cambiare-idea\\\/\",\"url\":\"https:\\\/\\\/theletterfilm.org\\\/it\\\/2022\\\/10\\\/04\\\/la-lettera-un-film-sul-dialogo-che-invita-a-cambiare-idea\\\/\",\"name\":\"\u201cLa Lettera\u201d, un film sul dialogo che invita a cambiare idea - The Letter\",\"isPartOf\":{\"@id\":\"https:\\\/\\\/theletterfilm.org\\\/#website\"},\"primaryImageOfPage\":{\"@id\":\"https:\\\/\\\/theletterfilm.org\\\/it\\\/2022\\\/10\\\/04\\\/la-lettera-un-film-sul-dialogo-che-invita-a-cambiare-idea\\\/#primaryimage\"},\"image\":{\"@id\":\"https:\\\/\\\/theletterfilm.org\\\/it\\\/2022\\\/10\\\/04\\\/la-lettera-un-film-sul-dialogo-che-invita-a-cambiare-idea\\\/#primaryimage\"},\"thumbnailUrl\":\"https:\\\/\\\/theletterfilm.org\\\/wp-content\\\/uploads\\\/2022\\\/10\\\/DSC00022-scaled-1.jpeg\",\"datePublished\":\"2022-10-04T15:53:35+00:00\",\"dateModified\":\"2022-11-18T20:33:23+00:00\",\"breadcrumb\":{\"@id\":\"https:\\\/\\\/theletterfilm.org\\\/it\\\/2022\\\/10\\\/04\\\/la-lettera-un-film-sul-dialogo-che-invita-a-cambiare-idea\\\/#breadcrumb\"},\"inLanguage\":\"it-IT\",\"potentialAction\":[{\"@type\":\"ReadAction\",\"target\":[\"https:\\\/\\\/theletterfilm.org\\\/it\\\/2022\\\/10\\\/04\\\/la-lettera-un-film-sul-dialogo-che-invita-a-cambiare-idea\\\/\"]}]},{\"@type\":\"ImageObject\",\"inLanguage\":\"it-IT\",\"@id\":\"https:\\\/\\\/theletterfilm.org\\\/it\\\/2022\\\/10\\\/04\\\/la-lettera-un-film-sul-dialogo-che-invita-a-cambiare-idea\\\/#primaryimage\",\"url\":\"https:\\\/\\\/theletterfilm.org\\\/wp-content\\\/uploads\\\/2022\\\/10\\\/DSC00022-scaled-1.jpeg\",\"contentUrl\":\"https:\\\/\\\/theletterfilm.org\\\/wp-content\\\/uploads\\\/2022\\\/10\\\/DSC00022-scaled-1.jpeg\",\"width\":2560,\"height\":1441},{\"@type\":\"BreadcrumbList\",\"@id\":\"https:\\\/\\\/theletterfilm.org\\\/it\\\/2022\\\/10\\\/04\\\/la-lettera-un-film-sul-dialogo-che-invita-a-cambiare-idea\\\/#breadcrumb\",\"itemListElement\":[{\"@type\":\"ListItem\",\"position\":1,\"name\":\"Home\",\"item\":\"https:\\\/\\\/theletterfilm.org\\\/it\\\/\"},{\"@type\":\"ListItem\",\"position\":2,\"name\":\"\u201cLa Lettera\u201d, un film sul dialogo che invita a cambiare idea\"}]},{\"@type\":\"WebSite\",\"@id\":\"https:\\\/\\\/theletterfilm.org\\\/#website\",\"url\":\"https:\\\/\\\/theletterfilm.org\\\/\",\"name\":\"The Letter\",\"description\":\"Act Now\",\"publisher\":{\"@id\":\"https:\\\/\\\/theletterfilm.org\\\/#organization\"},\"potentialAction\":[{\"@type\":\"SearchAction\",\"target\":{\"@type\":\"EntryPoint\",\"urlTemplate\":\"https:\\\/\\\/theletterfilm.org\\\/?s={search_term_string}\"},\"query-input\":{\"@type\":\"PropertyValueSpecification\",\"valueRequired\":true,\"valueName\":\"search_term_string\"}}],\"inLanguage\":\"it-IT\"},{\"@type\":\"Organization\",\"@id\":\"https:\\\/\\\/theletterfilm.org\\\/#organization\",\"name\":\"The Letter Film\",\"url\":\"https:\\\/\\\/theletterfilm.org\\\/\",\"logo\":{\"@type\":\"ImageObject\",\"inLanguage\":\"it-IT\",\"@id\":\"https:\\\/\\\/theletterfilm.org\\\/#\\\/schema\\\/logo\\\/image\\\/\",\"url\":\"https:\\\/\\\/www1.theletterfilm.org\\\/wp-content\\\/uploads\\\/2020\\\/09\\\/EN_Letter0.png\",\"contentUrl\":\"https:\\\/\\\/www1.theletterfilm.org\\\/wp-content\\\/uploads\\\/2020\\\/09\\\/EN_Letter0.png\",\"width\":854,\"height\":214,\"caption\":\"The Letter Film\"},\"image\":{\"@id\":\"https:\\\/\\\/theletterfilm.org\\\/#\\\/schema\\\/logo\\\/image\\\/\"},\"sameAs\":[\"https:\\\/\\\/www.facebook.com\\\/profile.php?id=100085611172060\"]},{\"@type\":\"Person\",\"@id\":\"https:\\\/\\\/theletterfilm.org\\\/#\\\/schema\\\/person\\\/06290e5f289f32703ab3506eacfc8b52\",\"name\":\"pazybien\",\"image\":{\"@type\":\"ImageObject\",\"inLanguage\":\"it-IT\",\"@id\":\"https:\\\/\\\/secure.gravatar.com\\\/avatar\\\/37d08368077c561bd440f25a25b44dffc8a49dd03ed8ac3d36eb9c07857d333e?s=96&d=mm&r=g\",\"url\":\"https:\\\/\\\/secure.gravatar.com\\\/avatar\\\/37d08368077c561bd440f25a25b44dffc8a49dd03ed8ac3d36eb9c07857d333e?s=96&d=mm&r=g\",\"contentUrl\":\"https:\\\/\\\/secure.gravatar.com\\\/avatar\\\/37d08368077c561bd440f25a25b44dffc8a49dd03ed8ac3d36eb9c07857d333e?s=96&d=mm&r=g\",\"caption\":\"pazybien\"},\"sameAs\":[\"https:\\\/\\\/theletter.catolicos.red\"],\"url\":\"https:\\\/\\\/theletterfilm.org\\\/it\\\/author\\\/pazybien\\\/\"}]}<\/script>\n<!-- \/ Yoast SEO plugin. -->","yoast_head_json":{"title":"\u201cLa Lettera\u201d, un film sul dialogo che invita a cambiare idea - The Letter","robots":{"index":"index","follow":"follow","max-snippet":"max-snippet:-1","max-image-preview":"max-image-preview:large","max-video-preview":"max-video-preview:-1"},"canonical":"https:\/\/theletterfilm.org\/it\/2022\/10\/04\/la-lettera-un-film-sul-dialogo-che-invita-a-cambiare-idea\/","og_locale":"it_IT","og_type":"article","og_title":"\u201cLa Lettera\u201d, un film sul dialogo che invita a cambiare idea - The Letter","og_description":"Nella Sala Stampa Vaticana si \u00e8 tenuta una conferenza stampa sulla prima del film La Lettera, guidata dal Cardinale Michael Czerny, Dottoressa Lorna Gold e da altri protagonisti del film.","og_url":"https:\/\/theletterfilm.org\/it\/2022\/10\/04\/la-lettera-un-film-sul-dialogo-che-invita-a-cambiare-idea\/","og_site_name":"The Letter","article_publisher":"https:\/\/www.facebook.com\/profile.php?id=100085611172060","article_published_time":"2022-10-04T15:53:35+00:00","article_modified_time":"2022-11-18T20:33:23+00:00","og_image":[{"width":2560,"height":1441,"url":"https:\/\/theletterfilm.org\/wp-content\/uploads\/2022\/10\/DSC00022-scaled-1.jpeg","type":"image\/jpeg"}],"author":"pazybien","twitter_card":"summary_large_image","twitter_misc":{"Scritto da":"pazybien","Tempo di lettura stimato":"4 minuti"},"schema":{"@context":"https:\/\/schema.org","@graph":[{"@type":"Article","@id":"https:\/\/theletterfilm.org\/it\/2022\/10\/04\/la-lettera-un-film-sul-dialogo-che-invita-a-cambiare-idea\/#article","isPartOf":{"@id":"https:\/\/theletterfilm.org\/it\/2022\/10\/04\/la-lettera-un-film-sul-dialogo-che-invita-a-cambiare-idea\/"},"author":{"name":"pazybien","@id":"https:\/\/theletterfilm.org\/#\/schema\/person\/06290e5f289f32703ab3506eacfc8b52"},"headline":"\u201cLa Lettera\u201d, un film sul dialogo che invita a cambiare idea","datePublished":"2022-10-04T15:53:35+00:00","dateModified":"2022-11-18T20:33:23+00:00","mainEntityOfPage":{"@id":"https:\/\/theletterfilm.org\/it\/2022\/10\/04\/la-lettera-un-film-sul-dialogo-che-invita-a-cambiare-idea\/"},"wordCount":863,"commentCount":0,"publisher":{"@id":"https:\/\/theletterfilm.org\/#organization"},"image":{"@id":"https:\/\/theletterfilm.org\/it\/2022\/10\/04\/la-lettera-un-film-sul-dialogo-che-invita-a-cambiare-idea\/#primaryimage"},"thumbnailUrl":"https:\/\/theletterfilm.org\/wp-content\/uploads\/2022\/10\/DSC00022-scaled-1.jpeg","articleSection":["Notizie"],"inLanguage":"it-IT","potentialAction":[{"@type":"CommentAction","name":"Comment","target":["https:\/\/theletterfilm.org\/it\/2022\/10\/04\/la-lettera-un-film-sul-dialogo-che-invita-a-cambiare-idea\/#respond"]}]},{"@type":"WebPage","@id":"https:\/\/theletterfilm.org\/it\/2022\/10\/04\/la-lettera-un-film-sul-dialogo-che-invita-a-cambiare-idea\/","url":"https:\/\/theletterfilm.org\/it\/2022\/10\/04\/la-lettera-un-film-sul-dialogo-che-invita-a-cambiare-idea\/","name":"\u201cLa Lettera\u201d, un film sul dialogo che invita a cambiare idea - The Letter","isPartOf":{"@id":"https:\/\/theletterfilm.org\/#website"},"primaryImageOfPage":{"@id":"https:\/\/theletterfilm.org\/it\/2022\/10\/04\/la-lettera-un-film-sul-dialogo-che-invita-a-cambiare-idea\/#primaryimage"},"image":{"@id":"https:\/\/theletterfilm.org\/it\/2022\/10\/04\/la-lettera-un-film-sul-dialogo-che-invita-a-cambiare-idea\/#primaryimage"},"thumbnailUrl":"https:\/\/theletterfilm.org\/wp-content\/uploads\/2022\/10\/DSC00022-scaled-1.jpeg","datePublished":"2022-10-04T15:53:35+00:00","dateModified":"2022-11-18T20:33:23+00:00","breadcrumb":{"@id":"https:\/\/theletterfilm.org\/it\/2022\/10\/04\/la-lettera-un-film-sul-dialogo-che-invita-a-cambiare-idea\/#breadcrumb"},"inLanguage":"it-IT","potentialAction":[{"@type":"ReadAction","target":["https:\/\/theletterfilm.org\/it\/2022\/10\/04\/la-lettera-un-film-sul-dialogo-che-invita-a-cambiare-idea\/"]}]},{"@type":"ImageObject","inLanguage":"it-IT","@id":"https:\/\/theletterfilm.org\/it\/2022\/10\/04\/la-lettera-un-film-sul-dialogo-che-invita-a-cambiare-idea\/#primaryimage","url":"https:\/\/theletterfilm.org\/wp-content\/uploads\/2022\/10\/DSC00022-scaled-1.jpeg","contentUrl":"https:\/\/theletterfilm.org\/wp-content\/uploads\/2022\/10\/DSC00022-scaled-1.jpeg","width":2560,"height":1441},{"@type":"BreadcrumbList","@id":"https:\/\/theletterfilm.org\/it\/2022\/10\/04\/la-lettera-un-film-sul-dialogo-che-invita-a-cambiare-idea\/#breadcrumb","itemListElement":[{"@type":"ListItem","position":1,"name":"Home","item":"https:\/\/theletterfilm.org\/it\/"},{"@type":"ListItem","position":2,"name":"\u201cLa Lettera\u201d, un film sul dialogo che invita a cambiare idea"}]},{"@type":"WebSite","@id":"https:\/\/theletterfilm.org\/#website","url":"https:\/\/theletterfilm.org\/","name":"The Letter","description":"Act Now","publisher":{"@id":"https:\/\/theletterfilm.org\/#organization"},"potentialAction":[{"@type":"SearchAction","target":{"@type":"EntryPoint","urlTemplate":"https:\/\/theletterfilm.org\/?s={search_term_string}"},"query-input":{"@type":"PropertyValueSpecification","valueRequired":true,"valueName":"search_term_string"}}],"inLanguage":"it-IT"},{"@type":"Organization","@id":"https:\/\/theletterfilm.org\/#organization","name":"The Letter Film","url":"https:\/\/theletterfilm.org\/","logo":{"@type":"ImageObject","inLanguage":"it-IT","@id":"https:\/\/theletterfilm.org\/#\/schema\/logo\/image\/","url":"https:\/\/www1.theletterfilm.org\/wp-content\/uploads\/2020\/09\/EN_Letter0.png","contentUrl":"https:\/\/www1.theletterfilm.org\/wp-content\/uploads\/2020\/09\/EN_Letter0.png","width":854,"height":214,"caption":"The Letter Film"},"image":{"@id":"https:\/\/theletterfilm.org\/#\/schema\/logo\/image\/"},"sameAs":["https:\/\/www.facebook.com\/profile.php?id=100085611172060"]},{"@type":"Person","@id":"https:\/\/theletterfilm.org\/#\/schema\/person\/06290e5f289f32703ab3506eacfc8b52","name":"pazybien","image":{"@type":"ImageObject","inLanguage":"it-IT","@id":"https:\/\/secure.gravatar.com\/avatar\/37d08368077c561bd440f25a25b44dffc8a49dd03ed8ac3d36eb9c07857d333e?s=96&d=mm&r=g","url":"https:\/\/secure.gravatar.com\/avatar\/37d08368077c561bd440f25a25b44dffc8a49dd03ed8ac3d36eb9c07857d333e?s=96&d=mm&r=g","contentUrl":"https:\/\/secure.gravatar.com\/avatar\/37d08368077c561bd440f25a25b44dffc8a49dd03ed8ac3d36eb9c07857d333e?s=96&d=mm&r=g","caption":"pazybien"},"sameAs":["https:\/\/theletter.catolicos.red"],"url":"https:\/\/theletterfilm.org\/it\/author\/pazybien\/"}]}},"_links":{"self":[{"href":"https:\/\/theletterfilm.org\/it\/wp-json\/wp\/v2\/posts\/240811","targetHints":{"allow":["GET"]}}],"collection":[{"href":"https:\/\/theletterfilm.org\/it\/wp-json\/wp\/v2\/posts"}],"about":[{"href":"https:\/\/theletterfilm.org\/it\/wp-json\/wp\/v2\/types\/post"}],"author":[{"embeddable":true,"href":"https:\/\/theletterfilm.org\/it\/wp-json\/wp\/v2\/users\/1"}],"replies":[{"embeddable":true,"href":"https:\/\/theletterfilm.org\/it\/wp-json\/wp\/v2\/comments?post=240811"}],"version-history":[{"count":0,"href":"https:\/\/theletterfilm.org\/it\/wp-json\/wp\/v2\/posts\/240811\/revisions"}],"wp:featuredmedia":[{"embeddable":true,"href":"https:\/\/theletterfilm.org\/it\/wp-json\/wp\/v2\/media\/240507"}],"wp:attachment":[{"href":"https:\/\/theletterfilm.org\/it\/wp-json\/wp\/v2\/media?parent=240811"}],"wp:term":[{"taxonomy":"category","embeddable":true,"href":"https:\/\/theletterfilm.org\/it\/wp-json\/wp\/v2\/categories?post=240811"},{"taxonomy":"post_tag","embeddable":true,"href":"https:\/\/theletterfilm.org\/it\/wp-json\/wp\/v2\/tags?post=240811"}],"curies":[{"name":"wp","href":"https:\/\/api.w.org\/{rel}","templated":true}]}}