{"id":241599,"date":"2022-11-23T19:14:41","date_gmt":"2022-11-23T19:14:41","guid":{"rendered":"https:\/\/bold-cartwright.3-19-126-172.plesk.page\/?p=241599"},"modified":"2023-01-16T19:22:08","modified_gmt":"2023-01-16T19:22:08","slug":"lexposition-autour-du-film-documentaire-la-lettre-amene-le-cri-de-la-terre-et-le-cri-des-pauvres-jusqua-la-cop-27","status":"publish","type":"post","link":"https:\/\/theletterfilm.org\/fr\/2022\/11\/23\/lexposition-autour-du-film-documentaire-la-lettre-amene-le-cri-de-la-terre-et-le-cri-des-pauvres-jusqua-la-cop-27\/","title":{"rendered":"L\u2019exposition autour du film documentaire La Lettre am\u00e8ne le cri de la Terre et le cri des pauvres jusqu\u2019\u00e0 la COP 27"},"content":{"rendered":"<p><span style=\"font-weight: 400;\">Au cours de semaines de discussions difficiles, \u00e0 propos de la r\u00e9duction des \u00e9missions li\u00e9es aux \u00e9nergies fossiles, des catastrophes naturelles et des politiques pour une \u00e9nergie propre, une <\/span><a href=\"https:\/\/laudatosimovement.org\/exhibit-cop-27\/\" target=\"_blank\" rel=\"noopener\"><span style=\"font-weight: 400;\">exposition r\u00e9unissant des vid\u00e9os documentaires<\/span><\/a><span style=\"font-weight: 400;\"> autour de <\/span><a href=\"https:\/\/www1.theletterfilm.org\/fr\/nouvelles\/\" target=\"_blank\" rel=\"noopener\"><i><span style=\"font-weight: 400;\">La Lettre : Un message pour la Terre<\/span><\/i><\/a><span style=\"font-weight: 400;\"> a examin\u00e9 la question suivante, lors de la COP 27 : \u201cEt vous ? Quel impact le changement climatique a-t-il sur le territoire dans lequel vous vivez ?\u201d<\/span><\/p>\n<p><span style=\"font-weight: 400;\">Les protagonistes du film se sont pos\u00e9 cette question lors d&rsquo;une conversation avec le Pape Fran\u00e7ois, et le commissaire de l&rsquo;exposition, le p\u00e8re Eduardo Agosta Scarel, conseiller principal du Mouvement Laudato Si&rsquo;, n\u2019a cess\u00e9 d\u2019y penser depuis qu\u2019il a vu le film. \u00c0 l&rsquo;\u00e9poque des violations des droits humains, des r\u00e9fugi\u00e9s climatiques et des victimes de catastrophes naturelles, il \u00e9tait urgent d&rsquo;int\u00e9grer le cri de la Terre et le cri des pauvres \u00e0 la COP 27, a-t-il d\u00e9clar\u00e9.\u00a0 \u00a0 \u00a0 \u00a0 \u00a0 \u00a0 \u00a0 \u00a0 \u00a0 \u00a0 \u00a0 \u00a0 \u00a0 \u00a0 \u00a0\u00a0<\/span><\/p>\n<div id=\"attachment_255246\" style=\"width: 235px\" class=\"wp-caption alignright\"><img loading=\"lazy\" decoding=\"async\" aria-describedby=\"caption-attachment-255246\" class=\"wp-image-255246 size-medium\" src=\"https:\/\/laudatosimovement.org\/wp-content\/uploads\/2022\/11\/d3e34222-782e-40a7-beef-31289424b001-225x300.jpg\" alt=\"\" width=\"225\" height=\"300\" \/><p id=\"caption-attachment-255246\" class=\"wp-caption-text\">Les visiteurs r\u00e9fl\u00e9chissent \u00e0 des sc\u00e8nes figurant dans l\u2019exposition La Lettre, install\u00e9e au stand n\u00b0 44 de la COP 27.<\/p><\/div>\n<p><span style=\"font-weight: 400;\">\u00ab\u00a0Pour moi, ce fut un moment fort lorsque les passants r\u00e9ussissaient \u00e0 s\u2019identifier au message que nous souhaitions transmettre sur notre stand. Ce qui les rapprochait, c&rsquo;\u00e9tait la banderole \u00e0 l\u2019effigie du Pape Fran\u00e7ois\u00a0\u00bb, a d\u00e9clar\u00e9 le co-commissaire Victor Livas, appartenant au Mouvement Laudato Si&rsquo;. \u201cJe me r\u00e9jouis \u00e0 l\u2019id\u00e9e de transmettre le message du point de vue de notre foi, et c\u2019est ce que nous avons fait. Plus particuli\u00e8rement, nous avons pu montrer l&rsquo;exposition \u00e0 des personnes de toutes appartenances religieuses et de tous horizons lors de nos interactions\u00a0\u00bb, a-t-il fait remarquer.<\/span><\/p>\n<p><span style=\"font-weight: 400;\">L&rsquo;exposition, qui pr\u00e9sente six sc\u00e8nes du film et sept t\u00e9moignages \u00e0 propos de situations d&rsquo;urgence climatique, \u00e9tait une exp\u00e9rience multim\u00e9dia immersive qui r\u00e9unissait des sc\u00e8nes du film et des vid\u00e9os suppl\u00e9mentaires, provenant de lieux aussi divers que la Nouvelle-Orl\u00e9ans ou l&rsquo;\u00eele de Java. Pour Innocent Odongo, qui a particip\u00e9 \u00e0 l&rsquo;exposition, cet espace a permis de \u201cmettre directement en avant les exp\u00e9riences v\u00e9cues par les victimes et les d\u00e9fis qu\u2019elles rencontrent, garantissant ainsi l&rsquo;originalit\u00e9 des discussions et donnant la possibilit\u00e9 au public ou aux parties impliqu\u00e9es de ressentir les \u00e9motions des victimes de la crise climatique et d\u2019entendre directement leurs demandes et leur appel \u00e0 l\u2019action et \u00e0 l&rsquo;att\u00e9nuation\u201d.<\/span><\/p>\n<p><span style=\"font-weight: 400;\">Les visiteurs ont mieux compris que les t\u00e9moins ne sont pas simplement en train de se plaindre, mais appellent plut\u00f4t l&rsquo;humanit\u00e9 toute enti\u00e8re \u00e0 agir de toute urgence pour att\u00e9nuer le changement climatique, en r\u00e9duisant les \u00e9missions de gaz \u00e0 effet de serre, en particulier dans les pays les plus responsables. Par exemple, l&rsquo;exposition mettait en avant la voix d&rsquo;Arouna, entendue dans le film, qui raconte son histoire en tant que migrant et pleure ceux qui ont perdu la vie en partant du S\u00e9n\u00e9gal pour se rendre en Europe.<\/span><\/p>\n<p><span style=\"font-weight: 400;\">Paul Rahmat, de Vivat International, souligne \u00e0 quel point il est important que ces voix puissent s\u2019exprimer lors de la COP 27 : \u201cles gens peuvent voir des images des cons\u00e9quences du changement climatique sur la population dans un endroit ou une r\u00e9gion en particulier, m\u00eame en peu de temps\u201d.<\/span><\/p>\n<div id=\"attachment_255247\" style=\"width: 2058px\" class=\"wp-caption alignnone\"><img loading=\"lazy\" decoding=\"async\" aria-describedby=\"caption-attachment-255247\" class=\"wp-image-255247 size-full\" src=\"https:\/\/laudatosimovement.org\/wp-content\/uploads\/2022\/11\/194e5800-5cdf-4ecd-a0f7-d4acc73cb112.jpg\" alt=\"\" width=\"2048\" height=\"1860\" \/><p id=\"caption-attachment-255247\" class=\"wp-caption-text\">Les d\u00e9l\u00e9gu\u00e9s et les participants de la COP 27 re\u00e7oivent leur \u201clettre\u201d d\u2019invitation \u00e0 venir voir l\u2019exposition.<\/p><\/div>\n<p><span style=\"font-weight: 400;\">\u00c0 un moment de l&rsquo;exposition, un visiteur originaire des Philippines a m\u00eame interrog\u00e9 Agosta Scarel sur une vid\u00e9o montrant un milliard de bambous. Il a racont\u00e9 \u00e0 Agosta Scarel qu&rsquo;il avait travaill\u00e9 avec Catholic Relief Services (CRS) sur un projet de reforestation aux Philippines, et il a ajout\u00e9 : \u201cmerci, pour tout ce que vous avez si bien fait pour notre \u00e9v\u00e9nement parall\u00e8le et notre exposition\u201d.<\/span><\/p>\n<p><span style=\"font-weight: 400;\">Pour voir la page d\u2019accueil de l\u2019exposition <\/span><i><span style=\"font-weight: 400;\">La Lettre : des voix du monde entier t\u00e9moignent<\/span><\/i><span style=\"font-weight: 400;\"> \u00e0 l\u2019occasion de la COP 27, <\/span><a href=\"https:\/\/laudatosimovement.org\/exhibit-cop-27\/\" target=\"_blank\" rel=\"noopener\"><span style=\"font-weight: 400;\">cliquez ici<\/span><\/a><\/p>\n<p><span style=\"font-weight: 400;\">Suivez le Mouvement Laudato Si\u2019 sur <\/span><a href=\"https:\/\/www.instagram.com\/laudatosimovement\/\" target=\"_blank\" rel=\"noopener\"><span style=\"font-weight: 400;\">Instagram<\/span><\/a><span style=\"font-weight: 400;\">, <\/span><a href=\"https:\/\/mobile.twitter.com\/mouvementls\" target=\"_blank\" rel=\"noopener\"><span style=\"font-weight: 400;\">Twitter <\/span><\/a><span style=\"font-weight: 400;\">et <\/span><a href=\"https:\/\/www.facebook.com\/MouvementLaudatoSi\/\" target=\"_blank\" rel=\"noopener\"><span style=\"font-weight: 400;\">Facebook<\/span><\/a><span style=\"font-weight: 400;\"> pour \u00eatre tenu au courant de ce que fait le mouvement et de futurs \u00e9v\u00e8nements en lien avec le film.\u00a0<\/span><\/p>\n","protected":false},"excerpt":{"rendered":"<p>L\u2019exposition montre des sc\u00e8nes du film et des t\u00e9moignages \u00e0 propos de situations d\u2019urgence climatique \u00e0 travers le monde<\/p>\n","protected":false},"author":4,"featured_media":241592,"comment_status":"open","ping_status":"open","sticky":false,"template":"","format":"standard","meta":{"_et_pb_use_builder":"","_et_pb_old_content":"","_et_gb_content_width":"","footnotes":""},"categories":[83,84],"tags":[],"class_list":["post-241599","post","type-post","status-publish","format-standard","has-post-thumbnail","hentry","category-blogs-fr","category-nouvelles"],"yoast_head":"<!-- This site is optimized with the Yoast SEO plugin v27.5 - https:\/\/yoast.com\/product\/yoast-seo-wordpress\/ -->\n<title>L\u2019exposition autour du film documentaire La Lettre am\u00e8ne le cri de la Terre et le cri des pauvres jusqu\u2019\u00e0 la COP 27 - The Letter<\/title>\n<meta name=\"description\" content=\"L\u2019exposition montre des sc\u00e8nes du film et des t\u00e9moignages \u00e0 propos de situations d\u2019urgence climatique \u00e0 travers le monde\" \/>\n<meta name=\"robots\" content=\"index, follow, max-snippet:-1, max-image-preview:large, max-video-preview:-1\" \/>\n<link rel=\"canonical\" href=\"https:\/\/theletterfilm.org\/fr\/2022\/11\/23\/lexposition-autour-du-film-documentaire-la-lettre-amene-le-cri-de-la-terre-et-le-cri-des-pauvres-jusqua-la-cop-27\/\" \/>\n<meta property=\"og:locale\" content=\"fr_FR\" \/>\n<meta property=\"og:type\" content=\"article\" \/>\n<meta property=\"og:title\" content=\"L\u2019exposition autour du film documentaire La Lettre am\u00e8ne le cri de la Terre et le cri des pauvres jusqu\u2019\u00e0 la COP 27 - The Letter\" \/>\n<meta property=\"og:description\" content=\"L\u2019exposition montre des sc\u00e8nes du film et des t\u00e9moignages \u00e0 propos de situations d\u2019urgence climatique \u00e0 travers le monde\" \/>\n<meta property=\"og:url\" content=\"https:\/\/theletterfilm.org\/fr\/2022\/11\/23\/lexposition-autour-du-film-documentaire-la-lettre-amene-le-cri-de-la-terre-et-le-cri-des-pauvres-jusqua-la-cop-27\/\" \/>\n<meta property=\"og:site_name\" content=\"The Letter\" \/>\n<meta property=\"article:publisher\" content=\"https:\/\/www.facebook.com\/profile.php?id=100085611172060\" \/>\n<meta property=\"article:published_time\" content=\"2022-11-23T19:14:41+00:00\" \/>\n<meta property=\"article:modified_time\" content=\"2023-01-16T19:22:08+00:00\" \/>\n<meta property=\"og:image\" content=\"https:\/\/theletterfilm.org\/wp-content\/uploads\/2023\/01\/6245624b-25c1-4d71-9619-3a769efc1671-980x735-1.jpg\" \/>\n\t<meta property=\"og:image:width\" content=\"980\" \/>\n\t<meta property=\"og:image:height\" content=\"735\" \/>\n\t<meta property=\"og:image:type\" content=\"image\/jpeg\" \/>\n<meta name=\"author\" content=\"guada\" \/>\n<meta name=\"twitter:card\" content=\"summary_large_image\" \/>\n<meta name=\"twitter:label1\" content=\"\u00c9crit par\" \/>\n\t<meta name=\"twitter:data1\" content=\"guada\" \/>\n\t<meta name=\"twitter:label2\" content=\"Dur\u00e9e de lecture estim\u00e9e\" \/>\n\t<meta name=\"twitter:data2\" content=\"4 minutes\" \/>\n<script type=\"application\/ld+json\" class=\"yoast-schema-graph\">{\"@context\":\"https:\\\/\\\/schema.org\",\"@graph\":[{\"@type\":\"Article\",\"@id\":\"https:\\\/\\\/theletterfilm.org\\\/fr\\\/2022\\\/11\\\/23\\\/lexposition-autour-du-film-documentaire-la-lettre-amene-le-cri-de-la-terre-et-le-cri-des-pauvres-jusqua-la-cop-27\\\/#article\",\"isPartOf\":{\"@id\":\"https:\\\/\\\/theletterfilm.org\\\/fr\\\/2022\\\/11\\\/23\\\/lexposition-autour-du-film-documentaire-la-lettre-amene-le-cri-de-la-terre-et-le-cri-des-pauvres-jusqua-la-cop-27\\\/\"},\"author\":{\"name\":\"guada\",\"@id\":\"https:\\\/\\\/theletterfilm.org\\\/#\\\/schema\\\/person\\\/4affbeac1f2cdad1423363275015678e\"},\"headline\":\"L\u2019exposition autour du film documentaire La Lettre am\u00e8ne le cri de la Terre et le cri des pauvres jusqu\u2019\u00e0 la COP 27\",\"datePublished\":\"2022-11-23T19:14:41+00:00\",\"dateModified\":\"2023-01-16T19:22:08+00:00\",\"mainEntityOfPage\":{\"@id\":\"https:\\\/\\\/theletterfilm.org\\\/fr\\\/2022\\\/11\\\/23\\\/lexposition-autour-du-film-documentaire-la-lettre-amene-le-cri-de-la-terre-et-le-cri-des-pauvres-jusqua-la-cop-27\\\/\"},\"wordCount\":741,\"commentCount\":0,\"publisher\":{\"@id\":\"https:\\\/\\\/theletterfilm.org\\\/#organization\"},\"image\":{\"@id\":\"https:\\\/\\\/theletterfilm.org\\\/fr\\\/2022\\\/11\\\/23\\\/lexposition-autour-du-film-documentaire-la-lettre-amene-le-cri-de-la-terre-et-le-cri-des-pauvres-jusqua-la-cop-27\\\/#primaryimage\"},\"thumbnailUrl\":\"https:\\\/\\\/theletterfilm.org\\\/wp-content\\\/uploads\\\/2023\\\/01\\\/6245624b-25c1-4d71-9619-3a769efc1671-980x735-1.jpg\",\"articleSection\":[\"Blogs\",\"Nouvelles\"],\"inLanguage\":\"fr-FR\",\"potentialAction\":[{\"@type\":\"CommentAction\",\"name\":\"Comment\",\"target\":[\"https:\\\/\\\/theletterfilm.org\\\/fr\\\/2022\\\/11\\\/23\\\/lexposition-autour-du-film-documentaire-la-lettre-amene-le-cri-de-la-terre-et-le-cri-des-pauvres-jusqua-la-cop-27\\\/#respond\"]}]},{\"@type\":\"WebPage\",\"@id\":\"https:\\\/\\\/theletterfilm.org\\\/fr\\\/2022\\\/11\\\/23\\\/lexposition-autour-du-film-documentaire-la-lettre-amene-le-cri-de-la-terre-et-le-cri-des-pauvres-jusqua-la-cop-27\\\/\",\"url\":\"https:\\\/\\\/theletterfilm.org\\\/fr\\\/2022\\\/11\\\/23\\\/lexposition-autour-du-film-documentaire-la-lettre-amene-le-cri-de-la-terre-et-le-cri-des-pauvres-jusqua-la-cop-27\\\/\",\"name\":\"L\u2019exposition autour du film documentaire La Lettre am\u00e8ne le cri de la Terre et le cri des pauvres jusqu\u2019\u00e0 la COP 27 - The Letter\",\"isPartOf\":{\"@id\":\"https:\\\/\\\/theletterfilm.org\\\/#website\"},\"primaryImageOfPage\":{\"@id\":\"https:\\\/\\\/theletterfilm.org\\\/fr\\\/2022\\\/11\\\/23\\\/lexposition-autour-du-film-documentaire-la-lettre-amene-le-cri-de-la-terre-et-le-cri-des-pauvres-jusqua-la-cop-27\\\/#primaryimage\"},\"image\":{\"@id\":\"https:\\\/\\\/theletterfilm.org\\\/fr\\\/2022\\\/11\\\/23\\\/lexposition-autour-du-film-documentaire-la-lettre-amene-le-cri-de-la-terre-et-le-cri-des-pauvres-jusqua-la-cop-27\\\/#primaryimage\"},\"thumbnailUrl\":\"https:\\\/\\\/theletterfilm.org\\\/wp-content\\\/uploads\\\/2023\\\/01\\\/6245624b-25c1-4d71-9619-3a769efc1671-980x735-1.jpg\",\"datePublished\":\"2022-11-23T19:14:41+00:00\",\"dateModified\":\"2023-01-16T19:22:08+00:00\",\"description\":\"L\u2019exposition montre des sc\u00e8nes du film et des t\u00e9moignages \u00e0 propos de situations d\u2019urgence climatique \u00e0 travers le monde\",\"breadcrumb\":{\"@id\":\"https:\\\/\\\/theletterfilm.org\\\/fr\\\/2022\\\/11\\\/23\\\/lexposition-autour-du-film-documentaire-la-lettre-amene-le-cri-de-la-terre-et-le-cri-des-pauvres-jusqua-la-cop-27\\\/#breadcrumb\"},\"inLanguage\":\"fr-FR\",\"potentialAction\":[{\"@type\":\"ReadAction\",\"target\":[\"https:\\\/\\\/theletterfilm.org\\\/fr\\\/2022\\\/11\\\/23\\\/lexposition-autour-du-film-documentaire-la-lettre-amene-le-cri-de-la-terre-et-le-cri-des-pauvres-jusqua-la-cop-27\\\/\"]}]},{\"@type\":\"ImageObject\",\"inLanguage\":\"fr-FR\",\"@id\":\"https:\\\/\\\/theletterfilm.org\\\/fr\\\/2022\\\/11\\\/23\\\/lexposition-autour-du-film-documentaire-la-lettre-amene-le-cri-de-la-terre-et-le-cri-des-pauvres-jusqua-la-cop-27\\\/#primaryimage\",\"url\":\"https:\\\/\\\/theletterfilm.org\\\/wp-content\\\/uploads\\\/2023\\\/01\\\/6245624b-25c1-4d71-9619-3a769efc1671-980x735-1.jpg\",\"contentUrl\":\"https:\\\/\\\/theletterfilm.org\\\/wp-content\\\/uploads\\\/2023\\\/01\\\/6245624b-25c1-4d71-9619-3a769efc1671-980x735-1.jpg\",\"width\":980,\"height\":735},{\"@type\":\"BreadcrumbList\",\"@id\":\"https:\\\/\\\/theletterfilm.org\\\/fr\\\/2022\\\/11\\\/23\\\/lexposition-autour-du-film-documentaire-la-lettre-amene-le-cri-de-la-terre-et-le-cri-des-pauvres-jusqua-la-cop-27\\\/#breadcrumb\",\"itemListElement\":[{\"@type\":\"ListItem\",\"position\":1,\"name\":\"Home\",\"item\":\"https:\\\/\\\/theletterfilm.org\\\/fr\\\/\"},{\"@type\":\"ListItem\",\"position\":2,\"name\":\"L\u2019exposition autour du film documentaire La Lettre am\u00e8ne le cri de la Terre et le cri des pauvres jusqu\u2019\u00e0 la COP 27\"}]},{\"@type\":\"WebSite\",\"@id\":\"https:\\\/\\\/theletterfilm.org\\\/#website\",\"url\":\"https:\\\/\\\/theletterfilm.org\\\/\",\"name\":\"The Letter\",\"description\":\"Act Now\",\"publisher\":{\"@id\":\"https:\\\/\\\/theletterfilm.org\\\/#organization\"},\"potentialAction\":[{\"@type\":\"SearchAction\",\"target\":{\"@type\":\"EntryPoint\",\"urlTemplate\":\"https:\\\/\\\/theletterfilm.org\\\/?s={search_term_string}\"},\"query-input\":{\"@type\":\"PropertyValueSpecification\",\"valueRequired\":true,\"valueName\":\"search_term_string\"}}],\"inLanguage\":\"fr-FR\"},{\"@type\":\"Organization\",\"@id\":\"https:\\\/\\\/theletterfilm.org\\\/#organization\",\"name\":\"The Letter Film\",\"url\":\"https:\\\/\\\/theletterfilm.org\\\/\",\"logo\":{\"@type\":\"ImageObject\",\"inLanguage\":\"fr-FR\",\"@id\":\"https:\\\/\\\/theletterfilm.org\\\/#\\\/schema\\\/logo\\\/image\\\/\",\"url\":\"https:\\\/\\\/www1.theletterfilm.org\\\/wp-content\\\/uploads\\\/2020\\\/09\\\/EN_Letter0.png\",\"contentUrl\":\"https:\\\/\\\/www1.theletterfilm.org\\\/wp-content\\\/uploads\\\/2020\\\/09\\\/EN_Letter0.png\",\"width\":854,\"height\":214,\"caption\":\"The Letter Film\"},\"image\":{\"@id\":\"https:\\\/\\\/theletterfilm.org\\\/#\\\/schema\\\/logo\\\/image\\\/\"},\"sameAs\":[\"https:\\\/\\\/www.facebook.com\\\/profile.php?id=100085611172060\"]},{\"@type\":\"Person\",\"@id\":\"https:\\\/\\\/theletterfilm.org\\\/#\\\/schema\\\/person\\\/4affbeac1f2cdad1423363275015678e\",\"name\":\"guada\",\"image\":{\"@type\":\"ImageObject\",\"inLanguage\":\"fr-FR\",\"@id\":\"https:\\\/\\\/secure.gravatar.com\\\/avatar\\\/9f7eb3d29b5f8ff56619f99901212bcacdf1a0dfc4b034c9ae2c2dceccdccd3e?s=96&d=mm&r=g\",\"url\":\"https:\\\/\\\/secure.gravatar.com\\\/avatar\\\/9f7eb3d29b5f8ff56619f99901212bcacdf1a0dfc4b034c9ae2c2dceccdccd3e?s=96&d=mm&r=g\",\"contentUrl\":\"https:\\\/\\\/secure.gravatar.com\\\/avatar\\\/9f7eb3d29b5f8ff56619f99901212bcacdf1a0dfc4b034c9ae2c2dceccdccd3e?s=96&d=mm&r=g\",\"caption\":\"guada\"},\"url\":\"https:\\\/\\\/theletterfilm.org\\\/fr\\\/author\\\/guada\\\/\"}]}<\/script>\n<!-- \/ Yoast SEO plugin. -->","yoast_head_json":{"title":"L\u2019exposition autour du film documentaire La Lettre am\u00e8ne le cri de la Terre et le cri des pauvres jusqu\u2019\u00e0 la COP 27 - The Letter","description":"L\u2019exposition montre des sc\u00e8nes du film et des t\u00e9moignages \u00e0 propos de situations d\u2019urgence climatique \u00e0 travers le monde","robots":{"index":"index","follow":"follow","max-snippet":"max-snippet:-1","max-image-preview":"max-image-preview:large","max-video-preview":"max-video-preview:-1"},"canonical":"https:\/\/theletterfilm.org\/fr\/2022\/11\/23\/lexposition-autour-du-film-documentaire-la-lettre-amene-le-cri-de-la-terre-et-le-cri-des-pauvres-jusqua-la-cop-27\/","og_locale":"fr_FR","og_type":"article","og_title":"L\u2019exposition autour du film documentaire La Lettre am\u00e8ne le cri de la Terre et le cri des pauvres jusqu\u2019\u00e0 la COP 27 - The Letter","og_description":"L\u2019exposition montre des sc\u00e8nes du film et des t\u00e9moignages \u00e0 propos de situations d\u2019urgence climatique \u00e0 travers le monde","og_url":"https:\/\/theletterfilm.org\/fr\/2022\/11\/23\/lexposition-autour-du-film-documentaire-la-lettre-amene-le-cri-de-la-terre-et-le-cri-des-pauvres-jusqua-la-cop-27\/","og_site_name":"The Letter","article_publisher":"https:\/\/www.facebook.com\/profile.php?id=100085611172060","article_published_time":"2022-11-23T19:14:41+00:00","article_modified_time":"2023-01-16T19:22:08+00:00","og_image":[{"width":980,"height":735,"url":"https:\/\/theletterfilm.org\/wp-content\/uploads\/2023\/01\/6245624b-25c1-4d71-9619-3a769efc1671-980x735-1.jpg","type":"image\/jpeg"}],"author":"guada","twitter_card":"summary_large_image","twitter_misc":{"\u00c9crit par":"guada","Dur\u00e9e de lecture estim\u00e9e":"4 minutes"},"schema":{"@context":"https:\/\/schema.org","@graph":[{"@type":"Article","@id":"https:\/\/theletterfilm.org\/fr\/2022\/11\/23\/lexposition-autour-du-film-documentaire-la-lettre-amene-le-cri-de-la-terre-et-le-cri-des-pauvres-jusqua-la-cop-27\/#article","isPartOf":{"@id":"https:\/\/theletterfilm.org\/fr\/2022\/11\/23\/lexposition-autour-du-film-documentaire-la-lettre-amene-le-cri-de-la-terre-et-le-cri-des-pauvres-jusqua-la-cop-27\/"},"author":{"name":"guada","@id":"https:\/\/theletterfilm.org\/#\/schema\/person\/4affbeac1f2cdad1423363275015678e"},"headline":"L\u2019exposition autour du film documentaire La Lettre am\u00e8ne le cri de la Terre et le cri des pauvres jusqu\u2019\u00e0 la COP 27","datePublished":"2022-11-23T19:14:41+00:00","dateModified":"2023-01-16T19:22:08+00:00","mainEntityOfPage":{"@id":"https:\/\/theletterfilm.org\/fr\/2022\/11\/23\/lexposition-autour-du-film-documentaire-la-lettre-amene-le-cri-de-la-terre-et-le-cri-des-pauvres-jusqua-la-cop-27\/"},"wordCount":741,"commentCount":0,"publisher":{"@id":"https:\/\/theletterfilm.org\/#organization"},"image":{"@id":"https:\/\/theletterfilm.org\/fr\/2022\/11\/23\/lexposition-autour-du-film-documentaire-la-lettre-amene-le-cri-de-la-terre-et-le-cri-des-pauvres-jusqua-la-cop-27\/#primaryimage"},"thumbnailUrl":"https:\/\/theletterfilm.org\/wp-content\/uploads\/2023\/01\/6245624b-25c1-4d71-9619-3a769efc1671-980x735-1.jpg","articleSection":["Blogs","Nouvelles"],"inLanguage":"fr-FR","potentialAction":[{"@type":"CommentAction","name":"Comment","target":["https:\/\/theletterfilm.org\/fr\/2022\/11\/23\/lexposition-autour-du-film-documentaire-la-lettre-amene-le-cri-de-la-terre-et-le-cri-des-pauvres-jusqua-la-cop-27\/#respond"]}]},{"@type":"WebPage","@id":"https:\/\/theletterfilm.org\/fr\/2022\/11\/23\/lexposition-autour-du-film-documentaire-la-lettre-amene-le-cri-de-la-terre-et-le-cri-des-pauvres-jusqua-la-cop-27\/","url":"https:\/\/theletterfilm.org\/fr\/2022\/11\/23\/lexposition-autour-du-film-documentaire-la-lettre-amene-le-cri-de-la-terre-et-le-cri-des-pauvres-jusqua-la-cop-27\/","name":"L\u2019exposition autour du film documentaire La Lettre am\u00e8ne le cri de la Terre et le cri des pauvres jusqu\u2019\u00e0 la COP 27 - The Letter","isPartOf":{"@id":"https:\/\/theletterfilm.org\/#website"},"primaryImageOfPage":{"@id":"https:\/\/theletterfilm.org\/fr\/2022\/11\/23\/lexposition-autour-du-film-documentaire-la-lettre-amene-le-cri-de-la-terre-et-le-cri-des-pauvres-jusqua-la-cop-27\/#primaryimage"},"image":{"@id":"https:\/\/theletterfilm.org\/fr\/2022\/11\/23\/lexposition-autour-du-film-documentaire-la-lettre-amene-le-cri-de-la-terre-et-le-cri-des-pauvres-jusqua-la-cop-27\/#primaryimage"},"thumbnailUrl":"https:\/\/theletterfilm.org\/wp-content\/uploads\/2023\/01\/6245624b-25c1-4d71-9619-3a769efc1671-980x735-1.jpg","datePublished":"2022-11-23T19:14:41+00:00","dateModified":"2023-01-16T19:22:08+00:00","description":"L\u2019exposition montre des sc\u00e8nes du film et des t\u00e9moignages \u00e0 propos de situations d\u2019urgence climatique \u00e0 travers le monde","breadcrumb":{"@id":"https:\/\/theletterfilm.org\/fr\/2022\/11\/23\/lexposition-autour-du-film-documentaire-la-lettre-amene-le-cri-de-la-terre-et-le-cri-des-pauvres-jusqua-la-cop-27\/#breadcrumb"},"inLanguage":"fr-FR","potentialAction":[{"@type":"ReadAction","target":["https:\/\/theletterfilm.org\/fr\/2022\/11\/23\/lexposition-autour-du-film-documentaire-la-lettre-amene-le-cri-de-la-terre-et-le-cri-des-pauvres-jusqua-la-cop-27\/"]}]},{"@type":"ImageObject","inLanguage":"fr-FR","@id":"https:\/\/theletterfilm.org\/fr\/2022\/11\/23\/lexposition-autour-du-film-documentaire-la-lettre-amene-le-cri-de-la-terre-et-le-cri-des-pauvres-jusqua-la-cop-27\/#primaryimage","url":"https:\/\/theletterfilm.org\/wp-content\/uploads\/2023\/01\/6245624b-25c1-4d71-9619-3a769efc1671-980x735-1.jpg","contentUrl":"https:\/\/theletterfilm.org\/wp-content\/uploads\/2023\/01\/6245624b-25c1-4d71-9619-3a769efc1671-980x735-1.jpg","width":980,"height":735},{"@type":"BreadcrumbList","@id":"https:\/\/theletterfilm.org\/fr\/2022\/11\/23\/lexposition-autour-du-film-documentaire-la-lettre-amene-le-cri-de-la-terre-et-le-cri-des-pauvres-jusqua-la-cop-27\/#breadcrumb","itemListElement":[{"@type":"ListItem","position":1,"name":"Home","item":"https:\/\/theletterfilm.org\/fr\/"},{"@type":"ListItem","position":2,"name":"L\u2019exposition autour du film documentaire La Lettre am\u00e8ne le cri de la Terre et le cri des pauvres jusqu\u2019\u00e0 la COP 27"}]},{"@type":"WebSite","@id":"https:\/\/theletterfilm.org\/#website","url":"https:\/\/theletterfilm.org\/","name":"The Letter","description":"Act Now","publisher":{"@id":"https:\/\/theletterfilm.org\/#organization"},"potentialAction":[{"@type":"SearchAction","target":{"@type":"EntryPoint","urlTemplate":"https:\/\/theletterfilm.org\/?s={search_term_string}"},"query-input":{"@type":"PropertyValueSpecification","valueRequired":true,"valueName":"search_term_string"}}],"inLanguage":"fr-FR"},{"@type":"Organization","@id":"https:\/\/theletterfilm.org\/#organization","name":"The Letter Film","url":"https:\/\/theletterfilm.org\/","logo":{"@type":"ImageObject","inLanguage":"fr-FR","@id":"https:\/\/theletterfilm.org\/#\/schema\/logo\/image\/","url":"https:\/\/www1.theletterfilm.org\/wp-content\/uploads\/2020\/09\/EN_Letter0.png","contentUrl":"https:\/\/www1.theletterfilm.org\/wp-content\/uploads\/2020\/09\/EN_Letter0.png","width":854,"height":214,"caption":"The Letter Film"},"image":{"@id":"https:\/\/theletterfilm.org\/#\/schema\/logo\/image\/"},"sameAs":["https:\/\/www.facebook.com\/profile.php?id=100085611172060"]},{"@type":"Person","@id":"https:\/\/theletterfilm.org\/#\/schema\/person\/4affbeac1f2cdad1423363275015678e","name":"guada","image":{"@type":"ImageObject","inLanguage":"fr-FR","@id":"https:\/\/secure.gravatar.com\/avatar\/9f7eb3d29b5f8ff56619f99901212bcacdf1a0dfc4b034c9ae2c2dceccdccd3e?s=96&d=mm&r=g","url":"https:\/\/secure.gravatar.com\/avatar\/9f7eb3d29b5f8ff56619f99901212bcacdf1a0dfc4b034c9ae2c2dceccdccd3e?s=96&d=mm&r=g","contentUrl":"https:\/\/secure.gravatar.com\/avatar\/9f7eb3d29b5f8ff56619f99901212bcacdf1a0dfc4b034c9ae2c2dceccdccd3e?s=96&d=mm&r=g","caption":"guada"},"url":"https:\/\/theletterfilm.org\/fr\/author\/guada\/"}]}},"_links":{"self":[{"href":"https:\/\/theletterfilm.org\/fr\/wp-json\/wp\/v2\/posts\/241599","targetHints":{"allow":["GET"]}}],"collection":[{"href":"https:\/\/theletterfilm.org\/fr\/wp-json\/wp\/v2\/posts"}],"about":[{"href":"https:\/\/theletterfilm.org\/fr\/wp-json\/wp\/v2\/types\/post"}],"author":[{"embeddable":true,"href":"https:\/\/theletterfilm.org\/fr\/wp-json\/wp\/v2\/users\/4"}],"replies":[{"embeddable":true,"href":"https:\/\/theletterfilm.org\/fr\/wp-json\/wp\/v2\/comments?post=241599"}],"version-history":[{"count":0,"href":"https:\/\/theletterfilm.org\/fr\/wp-json\/wp\/v2\/posts\/241599\/revisions"}],"wp:featuredmedia":[{"embeddable":true,"href":"https:\/\/theletterfilm.org\/fr\/wp-json\/wp\/v2\/media\/241592"}],"wp:attachment":[{"href":"https:\/\/theletterfilm.org\/fr\/wp-json\/wp\/v2\/media?parent=241599"}],"wp:term":[{"taxonomy":"category","embeddable":true,"href":"https:\/\/theletterfilm.org\/fr\/wp-json\/wp\/v2\/categories?post=241599"},{"taxonomy":"post_tag","embeddable":true,"href":"https:\/\/theletterfilm.org\/fr\/wp-json\/wp\/v2\/tags?post=241599"}],"curies":[{"name":"wp","href":"https:\/\/api.w.org\/{rel}","templated":true}]}}