{"id":243282,"date":"2023-04-25T21:34:36","date_gmt":"2023-04-25T21:34:36","guid":{"rendered":"https:\/\/bold-cartwright.3-19-126-172.plesk.page\/2023\/04\/25\/the-letter-with-subtitles-in-hungarian-presented-in-budapest-on-april-19\/"},"modified":"2023-04-25T21:34:36","modified_gmt":"2023-04-25T21:34:36","slug":"the-letter-with-subtitles-in-hungarian-presented-in-budapest-on-april-19","status":"publish","type":"post","link":"https:\/\/theletterfilm.org\/es\/2023\/04\/25\/the-letter-with-subtitles-in-hungarian-presented-in-budapest-on-april-19\/","title":{"rendered":"\u00abThe Letter\u201d with subtitles in Hungarian presented in Budapest on April 19"},"content":{"rendered":"<p><span style=\"font-weight: 400;\">The docufilm \u201c<\/span><b>The Letter\u201d with subtitles in Hungarian was presented in Budapest on April 19<\/b><span style=\"font-weight: 400;\">, in an event promoted by the <\/span><b>Caritas in Veritate Commission of the Hungarian Catholic Bishops&#8217; Conference <\/b><span style=\"font-weight: 400;\">and the <\/span><b>Hungarian Order of the Society of Jesus<\/b><span style=\"font-weight: 400;\">, with organization by the <\/span><b>Ferenc Faludi Jesuit Academy<\/b><span style=\"font-weight: 400;\">.<\/span><\/p>\n<p><span style=\"font-weight: 400;\">Before the movie screening, participants were greeted by <\/span><b>G\u00e1bor Nevel\u0151s SJ<\/b><span style=\"font-weight: 400;\">, host of the presentation, <\/span><b>Zolt\u00e1n Koronkai SJ<\/b><span style=\"font-weight: 400;\">, on behalf of the Hungarian Jesuit order, and <\/span><b>Bishop J\u00e1nos Sz\u00e9kely<\/b><span style=\"font-weight: 400;\">, President of the Caritas in Veritate Commission. After the Bishop\u2019s speech, Zsanett Banlaki of the Caritas in Veritate Commission read the text of the videomessage prepared for the event by <\/span><b>Cecilia Dall&#8217;Oglio<\/b><span style=\"font-weight: 400;\">, Associate Director of European Programs of the Laudato Si&#8217; Movement (<\/span><a href=\"https:\/\/drive.google.com\/file\/d\/18eGJc4k_KzzZ-CUEaXFDiItzNpxrusfG\/view?usp=sharing\" target=\"_blank\" rel=\"noopener\"><span style=\"font-weight: 400;\">here<\/span><\/a><span style=\"font-weight: 400;\"> her videomessage)<\/span><\/p>\n<p><span style=\"font-weight: 400;\"><img loading=\"lazy\" decoding=\"async\" class=\"alignleft wp-image-259768 size-medium\" src=\"https:\/\/laudatosimovement.org\/wp-content\/uploads\/2023\/04\/img3-300x200.jpg\" alt=\"\" width=\"300\" height=\"200\" \/>Among participants in the event: Lajos Varga, assistant bishop of V\u00e1c; G\u00e1bor N\u00e9meth, office director of the Secretariat of the Bishops\u2019 Conference; Emma N\u00e9meth SSS, head of the Hungarian Women&#8217;s Order Conference; Marianna Barcs\u00e1k, head of the Catholic Pedagogical Institute (KaPi) and many monks and lay believers committed to the protection of creation.<\/span><\/p>\n<p><span style=\"font-weight: 400;\">Film screening was followed by a round table discussion with <\/span><b>Bishop J\u00e1nos Sz\u00e9kely<\/b><span style=\"font-weight: 400;\">, <\/span><b>G\u00e1bor Nevel\u0151s SJ<\/b><span style=\"font-weight: 400;\">, Jesuit representative of the JTMR-FFJA Comprehensive Ecology Workshop, <\/span><b>Prof. Dr. J\u00f3zsef Benedek<\/b><span style=\"font-weight: 400;\">, head of the JTMR-FFJA Comprehensive Ecology Workshop, <\/span><b>Dr. Eszter Szab\u00f3<\/b><span style=\"font-weight: 400;\">, Laudato Si Animator Training Coordinator.<\/span><\/p>\n<p><span style=\"font-weight: 400;\">Sponsors of the screening were Association Canticle of the Sun (Naphymnusz Egyes\u00fclet), Salesians, EcoOne\/Focolare Movement, 72 Disciples Movement, Hungarian Scout Association, R\u00e1di\u00f3 M\u00e1ria, Pannonhalmi Archabbey, Magyar Kur\u00edr, Catholic Pedagogical Institute.<\/span><\/p>\n<p><span style=\"font-weight: 400;\">The event was promoted as an opportunity of\u00a0 spiritual preparation <\/span><b>for the apostolic visit of Pope Francis to Hungary (Budapest) happening from 28 to 30 April<\/b><span style=\"font-weight: 400;\"> (<\/span><a href=\"https:\/\/www.vatican.va\/content\/francesco\/en\/travels\/2023\/outside\/documents\/ungheria-2023.html\" target=\"_blank\" rel=\"noopener\"><span style=\"font-weight: 400;\">link<\/span><\/a><span style=\"font-weight: 400;\">) and follows a growing collaboration of the Laudato Si\u2019 Movement with the HUngarian Catholic Bishops\u2019 Conference and Ass. Canticle of the Sun.<img loading=\"lazy\" decoding=\"async\" class=\"alignright wp-image-259769 size-medium\" src=\"https:\/\/laudatosimovement.org\/wp-content\/uploads\/2023\/04\/img8-300x200.jpg\" alt=\"\" width=\"300\" height=\"200\" \/><\/span><\/p>\n<p><span style=\"font-weight: 400;\">The <\/span><b>Laudato Si\u2019 Movement<\/b><span style=\"font-weight: 400;\"> together with the <\/span><b>Caritas in Veritate Commission of the Hungarian Catholic Bishops\u2019 Conference<\/b><span style=\"font-weight: 400;\"> and the <\/span><b>Canticle of the Sun Association promoted last year the first \u201cLaudato Si\u2019 Animators Training Program\u201d in Hungarian language, <\/b><span style=\"font-weight: 400;\">and have recently launched<\/span><b> the second edition <\/b><span style=\"font-weight: 400;\">that started on April 13. The program of the sessions is available on the\u00a0 Laudato Si\u2019 Animators<\/span><a href=\"https:\/\/laudatosianimators.org\/hu\/home\/\" target=\"_blank\" rel=\"noopener\"> <span style=\"font-weight: 400;\">webpage<\/span><\/a><span style=\"font-weight: 400;\"> in Hungarian. Among speakers, \u00dcrge-Vorsatz Diana, vice-president of IPCC.<\/span><\/p>\n<p><span style=\"font-weight: 400;\">To implement<\/span> <span style=\"font-weight: 400;\">the LSA program in Hungary, a partnership in a synodality style of working together for a Church to be a sacrament of care was established. In Hungary, the training is held in collaboration with Franciscans, EcoOne\/Focolare Movement, 72 Disciples Movement, Salesians, Hungarian Scout Association, R\u00e1di\u00f3 M\u00e1ria, Pannonhalmi Archabbey, School Sisters of Our Lady, Faludi Ferenc Akad\u00e9mia, which represent the diversity and richness of charisms in the Church, walking together to live Laudato si\u2019 in Hungary in their own networks. <\/span><\/p>\n<p><span style=\"font-weight: 400;\"><img loading=\"lazy\" decoding=\"async\" class=\"alignleft wp-image-259771 size-medium\" src=\"https:\/\/laudatosimovement.org\/wp-content\/uploads\/2023\/04\/img9-300x200.jpg\" alt=\"\" width=\"300\" height=\"200\" \/>These organizations, together with Magyar Kur\u00edr and Catholic Pedagogical Institute, are now supporting <\/span><b>community screenings of the docufilm \u201cThe Letter\u201d.<\/b><span style=\"font-weight: 400;\"> The Association Canticle of the Sun is leading this effort.\u00a0\u00a0<\/span><\/p>\n<p><span style=\"font-weight: 400;\">Movie screenings, that are now encouraged in particular in view of the Pope\u2019s apostolic visit, can be registered at this <\/span><a href=\"https:\/\/www1.theletterfilm.org\/es\/proyecciones\/\" target=\"_blank\" rel=\"noopener\"><span style=\"font-weight: 400;\">link<\/span><\/a><span style=\"font-weight: 400;\">.<\/span><\/p>\n<p>&nbsp;<\/p>\n","protected":false},"excerpt":{"rendered":"<p>The docufilm \u201cThe Letter\u201d with subtitles in Hungarian was presented in Budapest on April 19<\/p>\n","protected":false},"author":5,"featured_media":242804,"comment_status":"open","ping_status":"open","sticky":false,"template":"","format":"standard","meta":{"_et_pb_use_builder":"","_et_pb_old_content":"","_et_gb_content_width":"","footnotes":""},"categories":[82,81],"tags":[],"class_list":["post-243282","post","type-post","status-publish","format-standard","has-post-thumbnail","hentry","category-blogs-es","category-noticias"],"yoast_head":"<!-- This site is optimized with the Yoast SEO plugin v27.4 - https:\/\/yoast.com\/product\/yoast-seo-wordpress\/ -->\n<title>&quot;The Letter\u201d with subtitles in Hungarian presented in Budapest on April 19 - The Letter<\/title>\n<meta name=\"robots\" content=\"index, follow, max-snippet:-1, max-image-preview:large, max-video-preview:-1\" \/>\n<link rel=\"canonical\" href=\"https:\/\/theletterfilm.org\/es\/2023\/04\/25\/the-letter-with-subtitles-in-hungarian-presented-in-budapest-on-april-19\/\" \/>\n<meta property=\"og:locale\" content=\"es_ES\" \/>\n<meta property=\"og:type\" content=\"article\" \/>\n<meta property=\"og:title\" content=\"&quot;The Letter\u201d with subtitles in Hungarian presented in Budapest on April 19 - The Letter\" \/>\n<meta property=\"og:description\" content=\"The docufilm \u201cThe Letter\u201d with subtitles in Hungarian was presented in Budapest on April 19\" \/>\n<meta property=\"og:url\" content=\"https:\/\/theletterfilm.org\/es\/2023\/04\/25\/the-letter-with-subtitles-in-hungarian-presented-in-budapest-on-april-19\/\" \/>\n<meta property=\"og:site_name\" content=\"The Letter\" \/>\n<meta property=\"article:publisher\" content=\"https:\/\/www.facebook.com\/profile.php?id=100085611172060\" \/>\n<meta property=\"article:published_time\" content=\"2023-04-25T21:34:36+00:00\" \/>\n<meta property=\"og:image\" content=\"https:\/\/theletterfilm.org\/wp-content\/uploads\/2023\/04\/img7.png\" \/>\n\t<meta property=\"og:image:width\" content=\"602\" \/>\n\t<meta property=\"og:image:height\" content=\"272\" \/>\n\t<meta property=\"og:image:type\" content=\"image\/png\" \/>\n<meta name=\"author\" content=\"paola\" \/>\n<meta name=\"twitter:card\" content=\"summary_large_image\" \/>\n<meta name=\"twitter:label1\" content=\"Escrito por\" \/>\n\t<meta name=\"twitter:data1\" content=\"paola\" \/>\n\t<meta name=\"twitter:label2\" content=\"Tiempo de lectura\" \/>\n\t<meta name=\"twitter:data2\" content=\"3 minutos\" \/>\n<script type=\"application\/ld+json\" class=\"yoast-schema-graph\">{\"@context\":\"https:\\\/\\\/schema.org\",\"@graph\":[{\"@type\":\"Article\",\"@id\":\"https:\\\/\\\/theletterfilm.org\\\/es\\\/2023\\\/04\\\/25\\\/the-letter-with-subtitles-in-hungarian-presented-in-budapest-on-april-19\\\/#article\",\"isPartOf\":{\"@id\":\"https:\\\/\\\/theletterfilm.org\\\/es\\\/2023\\\/04\\\/25\\\/the-letter-with-subtitles-in-hungarian-presented-in-budapest-on-april-19\\\/\"},\"author\":{\"name\":\"paola\",\"@id\":\"https:\\\/\\\/theletterfilm.org\\\/#\\\/schema\\\/person\\\/153570b69bd54cb7da4e598264735588\"},\"headline\":\"\u00abThe Letter\u201d with subtitles in Hungarian presented in Budapest on April 19\",\"datePublished\":\"2023-04-25T21:34:36+00:00\",\"mainEntityOfPage\":{\"@id\":\"https:\\\/\\\/theletterfilm.org\\\/es\\\/2023\\\/04\\\/25\\\/the-letter-with-subtitles-in-hungarian-presented-in-budapest-on-april-19\\\/\"},\"wordCount\":535,\"commentCount\":0,\"publisher\":{\"@id\":\"https:\\\/\\\/theletterfilm.org\\\/#organization\"},\"image\":{\"@id\":\"https:\\\/\\\/theletterfilm.org\\\/es\\\/2023\\\/04\\\/25\\\/the-letter-with-subtitles-in-hungarian-presented-in-budapest-on-april-19\\\/#primaryimage\"},\"thumbnailUrl\":\"https:\\\/\\\/theletterfilm.org\\\/wp-content\\\/uploads\\\/2023\\\/04\\\/img7.png\",\"articleSection\":[\"Blogs\",\"Noticias\"],\"inLanguage\":\"es\",\"potentialAction\":[{\"@type\":\"CommentAction\",\"name\":\"Comment\",\"target\":[\"https:\\\/\\\/theletterfilm.org\\\/es\\\/2023\\\/04\\\/25\\\/the-letter-with-subtitles-in-hungarian-presented-in-budapest-on-april-19\\\/#respond\"]}]},{\"@type\":\"WebPage\",\"@id\":\"https:\\\/\\\/theletterfilm.org\\\/es\\\/2023\\\/04\\\/25\\\/the-letter-with-subtitles-in-hungarian-presented-in-budapest-on-april-19\\\/\",\"url\":\"https:\\\/\\\/theletterfilm.org\\\/es\\\/2023\\\/04\\\/25\\\/the-letter-with-subtitles-in-hungarian-presented-in-budapest-on-april-19\\\/\",\"name\":\"\\\"The Letter\u201d with subtitles in Hungarian presented in Budapest on April 19 - The Letter\",\"isPartOf\":{\"@id\":\"https:\\\/\\\/theletterfilm.org\\\/#website\"},\"primaryImageOfPage\":{\"@id\":\"https:\\\/\\\/theletterfilm.org\\\/es\\\/2023\\\/04\\\/25\\\/the-letter-with-subtitles-in-hungarian-presented-in-budapest-on-april-19\\\/#primaryimage\"},\"image\":{\"@id\":\"https:\\\/\\\/theletterfilm.org\\\/es\\\/2023\\\/04\\\/25\\\/the-letter-with-subtitles-in-hungarian-presented-in-budapest-on-april-19\\\/#primaryimage\"},\"thumbnailUrl\":\"https:\\\/\\\/theletterfilm.org\\\/wp-content\\\/uploads\\\/2023\\\/04\\\/img7.png\",\"datePublished\":\"2023-04-25T21:34:36+00:00\",\"breadcrumb\":{\"@id\":\"https:\\\/\\\/theletterfilm.org\\\/es\\\/2023\\\/04\\\/25\\\/the-letter-with-subtitles-in-hungarian-presented-in-budapest-on-april-19\\\/#breadcrumb\"},\"inLanguage\":\"es\",\"potentialAction\":[{\"@type\":\"ReadAction\",\"target\":[\"https:\\\/\\\/theletterfilm.org\\\/es\\\/2023\\\/04\\\/25\\\/the-letter-with-subtitles-in-hungarian-presented-in-budapest-on-april-19\\\/\"]}]},{\"@type\":\"ImageObject\",\"inLanguage\":\"es\",\"@id\":\"https:\\\/\\\/theletterfilm.org\\\/es\\\/2023\\\/04\\\/25\\\/the-letter-with-subtitles-in-hungarian-presented-in-budapest-on-april-19\\\/#primaryimage\",\"url\":\"https:\\\/\\\/theletterfilm.org\\\/wp-content\\\/uploads\\\/2023\\\/04\\\/img7.png\",\"contentUrl\":\"https:\\\/\\\/theletterfilm.org\\\/wp-content\\\/uploads\\\/2023\\\/04\\\/img7.png\",\"width\":602,\"height\":272},{\"@type\":\"BreadcrumbList\",\"@id\":\"https:\\\/\\\/theletterfilm.org\\\/es\\\/2023\\\/04\\\/25\\\/the-letter-with-subtitles-in-hungarian-presented-in-budapest-on-april-19\\\/#breadcrumb\",\"itemListElement\":[{\"@type\":\"ListItem\",\"position\":1,\"name\":\"Home\",\"item\":\"https:\\\/\\\/theletterfilm.org\\\/es\\\/\"},{\"@type\":\"ListItem\",\"position\":2,\"name\":\"\u00abThe Letter\u201d with subtitles in Hungarian presented in Budapest on April 19\"}]},{\"@type\":\"WebSite\",\"@id\":\"https:\\\/\\\/theletterfilm.org\\\/#website\",\"url\":\"https:\\\/\\\/theletterfilm.org\\\/\",\"name\":\"The Letter\",\"description\":\"Act Now\",\"publisher\":{\"@id\":\"https:\\\/\\\/theletterfilm.org\\\/#organization\"},\"potentialAction\":[{\"@type\":\"SearchAction\",\"target\":{\"@type\":\"EntryPoint\",\"urlTemplate\":\"https:\\\/\\\/theletterfilm.org\\\/?s={search_term_string}\"},\"query-input\":{\"@type\":\"PropertyValueSpecification\",\"valueRequired\":true,\"valueName\":\"search_term_string\"}}],\"inLanguage\":\"es\"},{\"@type\":\"Organization\",\"@id\":\"https:\\\/\\\/theletterfilm.org\\\/#organization\",\"name\":\"The Letter Film\",\"url\":\"https:\\\/\\\/theletterfilm.org\\\/\",\"logo\":{\"@type\":\"ImageObject\",\"inLanguage\":\"es\",\"@id\":\"https:\\\/\\\/theletterfilm.org\\\/#\\\/schema\\\/logo\\\/image\\\/\",\"url\":\"https:\\\/\\\/www1.theletterfilm.org\\\/wp-content\\\/uploads\\\/2020\\\/09\\\/EN_Letter0.png\",\"contentUrl\":\"https:\\\/\\\/www1.theletterfilm.org\\\/wp-content\\\/uploads\\\/2020\\\/09\\\/EN_Letter0.png\",\"width\":854,\"height\":214,\"caption\":\"The Letter Film\"},\"image\":{\"@id\":\"https:\\\/\\\/theletterfilm.org\\\/#\\\/schema\\\/logo\\\/image\\\/\"},\"sameAs\":[\"https:\\\/\\\/www.facebook.com\\\/profile.php?id=100085611172060\"]},{\"@type\":\"Person\",\"@id\":\"https:\\\/\\\/theletterfilm.org\\\/#\\\/schema\\\/person\\\/153570b69bd54cb7da4e598264735588\",\"name\":\"paola\",\"image\":{\"@type\":\"ImageObject\",\"inLanguage\":\"es\",\"@id\":\"https:\\\/\\\/secure.gravatar.com\\\/avatar\\\/33889376150a5fff0a42da7009e4e329f24febb25dc7637a5cc031fcd35e1f67?s=96&d=mm&r=g\",\"url\":\"https:\\\/\\\/secure.gravatar.com\\\/avatar\\\/33889376150a5fff0a42da7009e4e329f24febb25dc7637a5cc031fcd35e1f67?s=96&d=mm&r=g\",\"contentUrl\":\"https:\\\/\\\/secure.gravatar.com\\\/avatar\\\/33889376150a5fff0a42da7009e4e329f24febb25dc7637a5cc031fcd35e1f67?s=96&d=mm&r=g\",\"caption\":\"paola\"},\"url\":\"https:\\\/\\\/theletterfilm.org\\\/es\\\/author\\\/paola\\\/\"}]}<\/script>\n<!-- \/ Yoast SEO plugin. -->","yoast_head_json":{"title":"\"The Letter\u201d with subtitles in Hungarian presented in Budapest on April 19 - The Letter","robots":{"index":"index","follow":"follow","max-snippet":"max-snippet:-1","max-image-preview":"max-image-preview:large","max-video-preview":"max-video-preview:-1"},"canonical":"https:\/\/theletterfilm.org\/es\/2023\/04\/25\/the-letter-with-subtitles-in-hungarian-presented-in-budapest-on-april-19\/","og_locale":"es_ES","og_type":"article","og_title":"\"The Letter\u201d with subtitles in Hungarian presented in Budapest on April 19 - The Letter","og_description":"The docufilm \u201cThe Letter\u201d with subtitles in Hungarian was presented in Budapest on April 19","og_url":"https:\/\/theletterfilm.org\/es\/2023\/04\/25\/the-letter-with-subtitles-in-hungarian-presented-in-budapest-on-april-19\/","og_site_name":"The Letter","article_publisher":"https:\/\/www.facebook.com\/profile.php?id=100085611172060","article_published_time":"2023-04-25T21:34:36+00:00","og_image":[{"width":602,"height":272,"url":"https:\/\/theletterfilm.org\/wp-content\/uploads\/2023\/04\/img7.png","type":"image\/png"}],"author":"paola","twitter_card":"summary_large_image","twitter_misc":{"Escrito por":"paola","Tiempo de lectura":"3 minutos"},"schema":{"@context":"https:\/\/schema.org","@graph":[{"@type":"Article","@id":"https:\/\/theletterfilm.org\/es\/2023\/04\/25\/the-letter-with-subtitles-in-hungarian-presented-in-budapest-on-april-19\/#article","isPartOf":{"@id":"https:\/\/theletterfilm.org\/es\/2023\/04\/25\/the-letter-with-subtitles-in-hungarian-presented-in-budapest-on-april-19\/"},"author":{"name":"paola","@id":"https:\/\/theletterfilm.org\/#\/schema\/person\/153570b69bd54cb7da4e598264735588"},"headline":"\u00abThe Letter\u201d with subtitles in Hungarian presented in Budapest on April 19","datePublished":"2023-04-25T21:34:36+00:00","mainEntityOfPage":{"@id":"https:\/\/theletterfilm.org\/es\/2023\/04\/25\/the-letter-with-subtitles-in-hungarian-presented-in-budapest-on-april-19\/"},"wordCount":535,"commentCount":0,"publisher":{"@id":"https:\/\/theletterfilm.org\/#organization"},"image":{"@id":"https:\/\/theletterfilm.org\/es\/2023\/04\/25\/the-letter-with-subtitles-in-hungarian-presented-in-budapest-on-april-19\/#primaryimage"},"thumbnailUrl":"https:\/\/theletterfilm.org\/wp-content\/uploads\/2023\/04\/img7.png","articleSection":["Blogs","Noticias"],"inLanguage":"es","potentialAction":[{"@type":"CommentAction","name":"Comment","target":["https:\/\/theletterfilm.org\/es\/2023\/04\/25\/the-letter-with-subtitles-in-hungarian-presented-in-budapest-on-april-19\/#respond"]}]},{"@type":"WebPage","@id":"https:\/\/theletterfilm.org\/es\/2023\/04\/25\/the-letter-with-subtitles-in-hungarian-presented-in-budapest-on-april-19\/","url":"https:\/\/theletterfilm.org\/es\/2023\/04\/25\/the-letter-with-subtitles-in-hungarian-presented-in-budapest-on-april-19\/","name":"\"The Letter\u201d with subtitles in Hungarian presented in Budapest on April 19 - The Letter","isPartOf":{"@id":"https:\/\/theletterfilm.org\/#website"},"primaryImageOfPage":{"@id":"https:\/\/theletterfilm.org\/es\/2023\/04\/25\/the-letter-with-subtitles-in-hungarian-presented-in-budapest-on-april-19\/#primaryimage"},"image":{"@id":"https:\/\/theletterfilm.org\/es\/2023\/04\/25\/the-letter-with-subtitles-in-hungarian-presented-in-budapest-on-april-19\/#primaryimage"},"thumbnailUrl":"https:\/\/theletterfilm.org\/wp-content\/uploads\/2023\/04\/img7.png","datePublished":"2023-04-25T21:34:36+00:00","breadcrumb":{"@id":"https:\/\/theletterfilm.org\/es\/2023\/04\/25\/the-letter-with-subtitles-in-hungarian-presented-in-budapest-on-april-19\/#breadcrumb"},"inLanguage":"es","potentialAction":[{"@type":"ReadAction","target":["https:\/\/theletterfilm.org\/es\/2023\/04\/25\/the-letter-with-subtitles-in-hungarian-presented-in-budapest-on-april-19\/"]}]},{"@type":"ImageObject","inLanguage":"es","@id":"https:\/\/theletterfilm.org\/es\/2023\/04\/25\/the-letter-with-subtitles-in-hungarian-presented-in-budapest-on-april-19\/#primaryimage","url":"https:\/\/theletterfilm.org\/wp-content\/uploads\/2023\/04\/img7.png","contentUrl":"https:\/\/theletterfilm.org\/wp-content\/uploads\/2023\/04\/img7.png","width":602,"height":272},{"@type":"BreadcrumbList","@id":"https:\/\/theletterfilm.org\/es\/2023\/04\/25\/the-letter-with-subtitles-in-hungarian-presented-in-budapest-on-april-19\/#breadcrumb","itemListElement":[{"@type":"ListItem","position":1,"name":"Home","item":"https:\/\/theletterfilm.org\/es\/"},{"@type":"ListItem","position":2,"name":"\u00abThe Letter\u201d with subtitles in Hungarian presented in Budapest on April 19"}]},{"@type":"WebSite","@id":"https:\/\/theletterfilm.org\/#website","url":"https:\/\/theletterfilm.org\/","name":"The Letter","description":"Act Now","publisher":{"@id":"https:\/\/theletterfilm.org\/#organization"},"potentialAction":[{"@type":"SearchAction","target":{"@type":"EntryPoint","urlTemplate":"https:\/\/theletterfilm.org\/?s={search_term_string}"},"query-input":{"@type":"PropertyValueSpecification","valueRequired":true,"valueName":"search_term_string"}}],"inLanguage":"es"},{"@type":"Organization","@id":"https:\/\/theletterfilm.org\/#organization","name":"The Letter Film","url":"https:\/\/theletterfilm.org\/","logo":{"@type":"ImageObject","inLanguage":"es","@id":"https:\/\/theletterfilm.org\/#\/schema\/logo\/image\/","url":"https:\/\/www1.theletterfilm.org\/wp-content\/uploads\/2020\/09\/EN_Letter0.png","contentUrl":"https:\/\/www1.theletterfilm.org\/wp-content\/uploads\/2020\/09\/EN_Letter0.png","width":854,"height":214,"caption":"The Letter Film"},"image":{"@id":"https:\/\/theletterfilm.org\/#\/schema\/logo\/image\/"},"sameAs":["https:\/\/www.facebook.com\/profile.php?id=100085611172060"]},{"@type":"Person","@id":"https:\/\/theletterfilm.org\/#\/schema\/person\/153570b69bd54cb7da4e598264735588","name":"paola","image":{"@type":"ImageObject","inLanguage":"es","@id":"https:\/\/secure.gravatar.com\/avatar\/33889376150a5fff0a42da7009e4e329f24febb25dc7637a5cc031fcd35e1f67?s=96&d=mm&r=g","url":"https:\/\/secure.gravatar.com\/avatar\/33889376150a5fff0a42da7009e4e329f24febb25dc7637a5cc031fcd35e1f67?s=96&d=mm&r=g","contentUrl":"https:\/\/secure.gravatar.com\/avatar\/33889376150a5fff0a42da7009e4e329f24febb25dc7637a5cc031fcd35e1f67?s=96&d=mm&r=g","caption":"paola"},"url":"https:\/\/theletterfilm.org\/es\/author\/paola\/"}]}},"_links":{"self":[{"href":"https:\/\/theletterfilm.org\/es\/wp-json\/wp\/v2\/posts\/243282","targetHints":{"allow":["GET"]}}],"collection":[{"href":"https:\/\/theletterfilm.org\/es\/wp-json\/wp\/v2\/posts"}],"about":[{"href":"https:\/\/theletterfilm.org\/es\/wp-json\/wp\/v2\/types\/post"}],"author":[{"embeddable":true,"href":"https:\/\/theletterfilm.org\/es\/wp-json\/wp\/v2\/users\/5"}],"replies":[{"embeddable":true,"href":"https:\/\/theletterfilm.org\/es\/wp-json\/wp\/v2\/comments?post=243282"}],"version-history":[{"count":0,"href":"https:\/\/theletterfilm.org\/es\/wp-json\/wp\/v2\/posts\/243282\/revisions"}],"wp:featuredmedia":[{"embeddable":true,"href":"https:\/\/theletterfilm.org\/es\/wp-json\/wp\/v2\/media\/242804"}],"wp:attachment":[{"href":"https:\/\/theletterfilm.org\/es\/wp-json\/wp\/v2\/media?parent=243282"}],"wp:term":[{"taxonomy":"category","embeddable":true,"href":"https:\/\/theletterfilm.org\/es\/wp-json\/wp\/v2\/categories?post=243282"},{"taxonomy":"post_tag","embeddable":true,"href":"https:\/\/theletterfilm.org\/es\/wp-json\/wp\/v2\/tags?post=243282"}],"curies":[{"name":"wp","href":"https:\/\/api.w.org\/{rel}","templated":true}]}}