{"id":241678,"date":"2022-11-17T01:35:24","date_gmt":"2022-11-17T01:35:24","guid":{"rendered":"https:\/\/bold-cartwright.3-19-126-172.plesk.page\/?p=241678"},"modified":"2023-01-17T01:41:54","modified_gmt":"2023-01-17T01:41:54","slug":"espana-lanza-la-carta-en-madrid-con-el-aplauso-de-mas-de-30-organizaciones","status":"publish","type":"post","link":"https:\/\/theletterfilm.org\/es\/2022\/11\/17\/espana-lanza-la-carta-en-madrid-con-el-aplauso-de-mas-de-30-organizaciones\/","title":{"rendered":"Espa\u00f1a lanza La Carta en Madrid con el aplauso de m\u00e1s de 30 organizaciones"},"content":{"rendered":"<p><span style=\"font-weight: 400;\">Madrile\u00f1os, miembros de la Conferencia Episcopal Espa\u00f1ola, la Fundaci\u00f3n Pablo VI, Con\u00e9ctate por la Justicia, la Comisi\u00f3n Diocesana de Ecolog\u00eda Integral de Madrid (CDEI) y representantes de Laudato Si se reunieron en el Auditorio de la Fundaci\u00f3n Pablo VI en Espa\u00f1a el 16 de noviembre para el lanzamiento del pa\u00eds de <\/span><i><span style=\"font-weight: 400;\">La Carta: Un mensaje para nuestra Tierra<\/span><\/i><span style=\"font-weight: 400;\">, seguido por un di\u00e1logo con expertos en pol\u00edtica y defensores de la ciudadan\u00eda.<\/span><\/p>\n<p><span style=\"font-weight: 400;\">Aunque el mensaje de la Iglesia cat\u00f3lica en torno a la ecolog\u00eda integral no es nuevo, destac\u00f3 Marta Isabel Gonz\u00e1lez \u00c1lvarez, de Con\u00e9ctate por la Justicia y del Dicasterio para el Servicio del Desarrollo Humano Integral, el Papa Francisco ha tenido la \u00abaudacia\u00bb de vincular este mensaje a la evangelizaci\u00f3n y a la actualidad del mundo.<\/span><\/p>\n<p>&nbsp;<\/p>\n<h6 style=\"text-align: center;\"><a href=\"https:\/\/twitter.com\/EnlazatePJ\/status\/1593201944340107264\" target=\"_blank\" rel=\"noopener\"><strong>Isabel Gonz\u00e1lez \u00c1lvarez comparte su reflexi\u00f3n en el escenario y en Twitter.<\/strong><\/a><\/h6>\n<p>&nbsp;<\/p>\n<p><span style=\"font-weight: 400;\">Vicente L\u00f3pez-Ibor Mayor, presidente de la Asociaci\u00f3n Espa\u00f1ola de Derecho de la Energ\u00eda, coincidi\u00f3 con Isabel Gonz\u00e1lez \u00c1lvarez al se\u00f1alar que la pel\u00edcula lo hace al pedir responsabilidades directas a los pol\u00edticos por la crisis planetaria.<\/span><\/p>\n<p><span style=\"font-weight: 400;\">\u00abNo podemos perder de vista el objetivo final, que es la urgencia de cambiar nuestros modelos para conseguir un mundo m\u00e1s sostenible para las generaciones futuras\u00bb, declar\u00f3 Manuel Barrios, Secretario General de la Comisi\u00f3n de las Conferencias Episcopales de la Uni\u00f3n Europea (UE), que representa a la Iglesia Cat\u00f3lica en la UE.<\/span><\/p>\n<p>&nbsp;<\/p>\n<h6 style=\"text-align: center;\"><a href=\"https:\/\/twitter.com\/fpablovi\/status\/1593015260893806592\" target=\"_blank\" rel=\"noopener\"><strong>Un p\u00fablico atento ve la pel\u00edcula y escucha las observaciones de cada panelista.<\/strong><\/a><\/h6>\n<p>&nbsp;<\/p>\n<p><span style=\"font-weight: 400;\">Otro participante, C\u00e9sar S\u00e1nchez, portavoz de Medio Ambiente del Partido Popular, conect\u00f3 con el evento desde la conferencia COP27 que se desarrolla en Egipto. \u00abCon una base cient\u00edfica\u00bb, el Papa Francisco pide una \u00abreflexi\u00f3n moral\u00bb que vaya m\u00e1s all\u00e1 de la ideolog\u00eda porque afecta a toda la humanidad.\u00a0<\/span><\/p>\n<p><span style=\"font-weight: 400;\">Efectivamente, la proyecci\u00f3n de la pel\u00edcula atrajo a m\u00e1s de 30 organizaciones, lo cual habla de la naturaleza diversa y de la coalici\u00f3n que inspira la pel\u00edcula. Desde Egipto hasta el Reino Unido, pasando por Brasil, las proyecciones han hecho eco del mensaje que <\/span><i><span style=\"font-weight: 400;\">La Carta<\/span><\/i><span style=\"font-weight: 400;\"> transmite a nuestra casa com\u00fan, la Tierra, con una rotunda celebraci\u00f3n en Espa\u00f1a para los que asistieron a esta \u00faltima proyecci\u00f3n en Madrid.<\/span><\/p>\n","protected":false},"excerpt":{"rendered":"<p>Expertos en pol\u00edtica y l\u00edderes c\u00edvicos encuentran urgencia y reflexi\u00f3n moral en la pel\u00edcula La Carta en Espa\u00f1a<\/p>\n","protected":false},"author":4,"featured_media":241676,"comment_status":"open","ping_status":"open","sticky":false,"template":"","format":"standard","meta":{"_et_pb_use_builder":"","_et_pb_old_content":"","_et_gb_content_width":"","footnotes":""},"categories":[82,81],"tags":[],"class_list":["post-241678","post","type-post","status-publish","format-standard","has-post-thumbnail","hentry","category-blogs-es","category-noticias"],"yoast_head":"<!-- This site is optimized with the Yoast SEO plugin v27.4 - https:\/\/yoast.com\/product\/yoast-seo-wordpress\/ -->\n<title>Espa\u00f1a lanza La Carta en Madrid con el aplauso de m\u00e1s de 30 organizaciones - The Letter<\/title>\n<meta name=\"description\" content=\"Expertos en pol\u00edtica y l\u00edderes c\u00edvicos encuentran urgencia y reflexi\u00f3n moral en la pel\u00edcula La Carta en Espa\u00f1a\" \/>\n<meta name=\"robots\" content=\"index, follow, max-snippet:-1, max-image-preview:large, max-video-preview:-1\" \/>\n<link rel=\"canonical\" href=\"https:\/\/theletterfilm.org\/es\/2022\/11\/17\/espana-lanza-la-carta-en-madrid-con-el-aplauso-de-mas-de-30-organizaciones\/\" \/>\n<meta property=\"og:locale\" content=\"es_ES\" \/>\n<meta property=\"og:type\" content=\"article\" \/>\n<meta property=\"og:title\" content=\"Espa\u00f1a lanza La Carta en Madrid con el aplauso de m\u00e1s de 30 organizaciones - The Letter\" \/>\n<meta property=\"og:description\" content=\"Expertos en pol\u00edtica y l\u00edderes c\u00edvicos encuentran urgencia y reflexi\u00f3n moral en la pel\u00edcula La Carta en Espa\u00f1a\" \/>\n<meta property=\"og:url\" content=\"https:\/\/theletterfilm.org\/es\/2022\/11\/17\/espana-lanza-la-carta-en-madrid-con-el-aplauso-de-mas-de-30-organizaciones\/\" \/>\n<meta property=\"og:site_name\" content=\"The Letter\" \/>\n<meta property=\"article:publisher\" content=\"https:\/\/www.facebook.com\/profile.php?id=100085611172060\" \/>\n<meta property=\"article:published_time\" content=\"2022-11-17T01:35:24+00:00\" \/>\n<meta property=\"article:modified_time\" content=\"2023-01-17T01:41:54+00:00\" \/>\n<meta property=\"og:image\" content=\"https:\/\/theletterfilm.org\/wp-content\/uploads\/2023\/01\/c3886453-29a1-4c50-8d5f-3b5a5865a78d.jpg\" \/>\n\t<meta property=\"og:image:width\" content=\"2048\" \/>\n\t<meta property=\"og:image:height\" content=\"1536\" \/>\n\t<meta property=\"og:image:type\" content=\"image\/jpeg\" \/>\n<meta name=\"author\" content=\"guada\" \/>\n<meta name=\"twitter:card\" content=\"summary_large_image\" \/>\n<meta name=\"twitter:label1\" content=\"Escrito por\" \/>\n\t<meta name=\"twitter:data1\" content=\"guada\" \/>\n\t<meta name=\"twitter:label2\" content=\"Tiempo de lectura\" \/>\n\t<meta name=\"twitter:data2\" content=\"2 minutos\" \/>\n<script type=\"application\/ld+json\" class=\"yoast-schema-graph\">{\"@context\":\"https:\\\/\\\/schema.org\",\"@graph\":[{\"@type\":\"Article\",\"@id\":\"https:\\\/\\\/theletterfilm.org\\\/es\\\/2022\\\/11\\\/17\\\/espana-lanza-la-carta-en-madrid-con-el-aplauso-de-mas-de-30-organizaciones\\\/#article\",\"isPartOf\":{\"@id\":\"https:\\\/\\\/theletterfilm.org\\\/es\\\/2022\\\/11\\\/17\\\/espana-lanza-la-carta-en-madrid-con-el-aplauso-de-mas-de-30-organizaciones\\\/\"},\"author\":{\"name\":\"guada\",\"@id\":\"https:\\\/\\\/theletterfilm.org\\\/#\\\/schema\\\/person\\\/4affbeac1f2cdad1423363275015678e\"},\"headline\":\"Espa\u00f1a lanza La Carta en Madrid con el aplauso de m\u00e1s de 30 organizaciones\",\"datePublished\":\"2022-11-17T01:35:24+00:00\",\"dateModified\":\"2023-01-17T01:41:54+00:00\",\"mainEntityOfPage\":{\"@id\":\"https:\\\/\\\/theletterfilm.org\\\/es\\\/2022\\\/11\\\/17\\\/espana-lanza-la-carta-en-madrid-con-el-aplauso-de-mas-de-30-organizaciones\\\/\"},\"wordCount\":422,\"commentCount\":0,\"publisher\":{\"@id\":\"https:\\\/\\\/theletterfilm.org\\\/#organization\"},\"image\":{\"@id\":\"https:\\\/\\\/theletterfilm.org\\\/es\\\/2022\\\/11\\\/17\\\/espana-lanza-la-carta-en-madrid-con-el-aplauso-de-mas-de-30-organizaciones\\\/#primaryimage\"},\"thumbnailUrl\":\"https:\\\/\\\/theletterfilm.org\\\/wp-content\\\/uploads\\\/2023\\\/01\\\/c3886453-29a1-4c50-8d5f-3b5a5865a78d.jpg\",\"articleSection\":[\"Blogs\",\"Noticias\"],\"inLanguage\":\"es\",\"potentialAction\":[{\"@type\":\"CommentAction\",\"name\":\"Comment\",\"target\":[\"https:\\\/\\\/theletterfilm.org\\\/es\\\/2022\\\/11\\\/17\\\/espana-lanza-la-carta-en-madrid-con-el-aplauso-de-mas-de-30-organizaciones\\\/#respond\"]}]},{\"@type\":\"WebPage\",\"@id\":\"https:\\\/\\\/theletterfilm.org\\\/es\\\/2022\\\/11\\\/17\\\/espana-lanza-la-carta-en-madrid-con-el-aplauso-de-mas-de-30-organizaciones\\\/\",\"url\":\"https:\\\/\\\/theletterfilm.org\\\/es\\\/2022\\\/11\\\/17\\\/espana-lanza-la-carta-en-madrid-con-el-aplauso-de-mas-de-30-organizaciones\\\/\",\"name\":\"Espa\u00f1a lanza La Carta en Madrid con el aplauso de m\u00e1s de 30 organizaciones - The Letter\",\"isPartOf\":{\"@id\":\"https:\\\/\\\/theletterfilm.org\\\/#website\"},\"primaryImageOfPage\":{\"@id\":\"https:\\\/\\\/theletterfilm.org\\\/es\\\/2022\\\/11\\\/17\\\/espana-lanza-la-carta-en-madrid-con-el-aplauso-de-mas-de-30-organizaciones\\\/#primaryimage\"},\"image\":{\"@id\":\"https:\\\/\\\/theletterfilm.org\\\/es\\\/2022\\\/11\\\/17\\\/espana-lanza-la-carta-en-madrid-con-el-aplauso-de-mas-de-30-organizaciones\\\/#primaryimage\"},\"thumbnailUrl\":\"https:\\\/\\\/theletterfilm.org\\\/wp-content\\\/uploads\\\/2023\\\/01\\\/c3886453-29a1-4c50-8d5f-3b5a5865a78d.jpg\",\"datePublished\":\"2022-11-17T01:35:24+00:00\",\"dateModified\":\"2023-01-17T01:41:54+00:00\",\"description\":\"Expertos en pol\u00edtica y l\u00edderes c\u00edvicos encuentran urgencia y reflexi\u00f3n moral en la pel\u00edcula La Carta en Espa\u00f1a\",\"breadcrumb\":{\"@id\":\"https:\\\/\\\/theletterfilm.org\\\/es\\\/2022\\\/11\\\/17\\\/espana-lanza-la-carta-en-madrid-con-el-aplauso-de-mas-de-30-organizaciones\\\/#breadcrumb\"},\"inLanguage\":\"es\",\"potentialAction\":[{\"@type\":\"ReadAction\",\"target\":[\"https:\\\/\\\/theletterfilm.org\\\/es\\\/2022\\\/11\\\/17\\\/espana-lanza-la-carta-en-madrid-con-el-aplauso-de-mas-de-30-organizaciones\\\/\"]}]},{\"@type\":\"ImageObject\",\"inLanguage\":\"es\",\"@id\":\"https:\\\/\\\/theletterfilm.org\\\/es\\\/2022\\\/11\\\/17\\\/espana-lanza-la-carta-en-madrid-con-el-aplauso-de-mas-de-30-organizaciones\\\/#primaryimage\",\"url\":\"https:\\\/\\\/theletterfilm.org\\\/wp-content\\\/uploads\\\/2023\\\/01\\\/c3886453-29a1-4c50-8d5f-3b5a5865a78d.jpg\",\"contentUrl\":\"https:\\\/\\\/theletterfilm.org\\\/wp-content\\\/uploads\\\/2023\\\/01\\\/c3886453-29a1-4c50-8d5f-3b5a5865a78d.jpg\",\"width\":2048,\"height\":1536},{\"@type\":\"BreadcrumbList\",\"@id\":\"https:\\\/\\\/theletterfilm.org\\\/es\\\/2022\\\/11\\\/17\\\/espana-lanza-la-carta-en-madrid-con-el-aplauso-de-mas-de-30-organizaciones\\\/#breadcrumb\",\"itemListElement\":[{\"@type\":\"ListItem\",\"position\":1,\"name\":\"Home\",\"item\":\"https:\\\/\\\/theletterfilm.org\\\/es\\\/\"},{\"@type\":\"ListItem\",\"position\":2,\"name\":\"Espa\u00f1a lanza La Carta en Madrid con el aplauso de m\u00e1s de 30 organizaciones\"}]},{\"@type\":\"WebSite\",\"@id\":\"https:\\\/\\\/theletterfilm.org\\\/#website\",\"url\":\"https:\\\/\\\/theletterfilm.org\\\/\",\"name\":\"The Letter\",\"description\":\"Act Now\",\"publisher\":{\"@id\":\"https:\\\/\\\/theletterfilm.org\\\/#organization\"},\"potentialAction\":[{\"@type\":\"SearchAction\",\"target\":{\"@type\":\"EntryPoint\",\"urlTemplate\":\"https:\\\/\\\/theletterfilm.org\\\/?s={search_term_string}\"},\"query-input\":{\"@type\":\"PropertyValueSpecification\",\"valueRequired\":true,\"valueName\":\"search_term_string\"}}],\"inLanguage\":\"es\"},{\"@type\":\"Organization\",\"@id\":\"https:\\\/\\\/theletterfilm.org\\\/#organization\",\"name\":\"The Letter Film\",\"url\":\"https:\\\/\\\/theletterfilm.org\\\/\",\"logo\":{\"@type\":\"ImageObject\",\"inLanguage\":\"es\",\"@id\":\"https:\\\/\\\/theletterfilm.org\\\/#\\\/schema\\\/logo\\\/image\\\/\",\"url\":\"https:\\\/\\\/www1.theletterfilm.org\\\/wp-content\\\/uploads\\\/2020\\\/09\\\/EN_Letter0.png\",\"contentUrl\":\"https:\\\/\\\/www1.theletterfilm.org\\\/wp-content\\\/uploads\\\/2020\\\/09\\\/EN_Letter0.png\",\"width\":854,\"height\":214,\"caption\":\"The Letter Film\"},\"image\":{\"@id\":\"https:\\\/\\\/theletterfilm.org\\\/#\\\/schema\\\/logo\\\/image\\\/\"},\"sameAs\":[\"https:\\\/\\\/www.facebook.com\\\/profile.php?id=100085611172060\"]},{\"@type\":\"Person\",\"@id\":\"https:\\\/\\\/theletterfilm.org\\\/#\\\/schema\\\/person\\\/4affbeac1f2cdad1423363275015678e\",\"name\":\"guada\",\"image\":{\"@type\":\"ImageObject\",\"inLanguage\":\"es\",\"@id\":\"https:\\\/\\\/secure.gravatar.com\\\/avatar\\\/9f7eb3d29b5f8ff56619f99901212bcacdf1a0dfc4b034c9ae2c2dceccdccd3e?s=96&d=mm&r=g\",\"url\":\"https:\\\/\\\/secure.gravatar.com\\\/avatar\\\/9f7eb3d29b5f8ff56619f99901212bcacdf1a0dfc4b034c9ae2c2dceccdccd3e?s=96&d=mm&r=g\",\"contentUrl\":\"https:\\\/\\\/secure.gravatar.com\\\/avatar\\\/9f7eb3d29b5f8ff56619f99901212bcacdf1a0dfc4b034c9ae2c2dceccdccd3e?s=96&d=mm&r=g\",\"caption\":\"guada\"},\"url\":\"https:\\\/\\\/theletterfilm.org\\\/es\\\/author\\\/guada\\\/\"}]}<\/script>\n<!-- \/ Yoast SEO plugin. -->","yoast_head_json":{"title":"Espa\u00f1a lanza La Carta en Madrid con el aplauso de m\u00e1s de 30 organizaciones - The Letter","description":"Expertos en pol\u00edtica y l\u00edderes c\u00edvicos encuentran urgencia y reflexi\u00f3n moral en la pel\u00edcula La Carta en Espa\u00f1a","robots":{"index":"index","follow":"follow","max-snippet":"max-snippet:-1","max-image-preview":"max-image-preview:large","max-video-preview":"max-video-preview:-1"},"canonical":"https:\/\/theletterfilm.org\/es\/2022\/11\/17\/espana-lanza-la-carta-en-madrid-con-el-aplauso-de-mas-de-30-organizaciones\/","og_locale":"es_ES","og_type":"article","og_title":"Espa\u00f1a lanza La Carta en Madrid con el aplauso de m\u00e1s de 30 organizaciones - The Letter","og_description":"Expertos en pol\u00edtica y l\u00edderes c\u00edvicos encuentran urgencia y reflexi\u00f3n moral en la pel\u00edcula La Carta en Espa\u00f1a","og_url":"https:\/\/theletterfilm.org\/es\/2022\/11\/17\/espana-lanza-la-carta-en-madrid-con-el-aplauso-de-mas-de-30-organizaciones\/","og_site_name":"The Letter","article_publisher":"https:\/\/www.facebook.com\/profile.php?id=100085611172060","article_published_time":"2022-11-17T01:35:24+00:00","article_modified_time":"2023-01-17T01:41:54+00:00","og_image":[{"width":2048,"height":1536,"url":"https:\/\/theletterfilm.org\/wp-content\/uploads\/2023\/01\/c3886453-29a1-4c50-8d5f-3b5a5865a78d.jpg","type":"image\/jpeg"}],"author":"guada","twitter_card":"summary_large_image","twitter_misc":{"Escrito por":"guada","Tiempo de lectura":"2 minutos"},"schema":{"@context":"https:\/\/schema.org","@graph":[{"@type":"Article","@id":"https:\/\/theletterfilm.org\/es\/2022\/11\/17\/espana-lanza-la-carta-en-madrid-con-el-aplauso-de-mas-de-30-organizaciones\/#article","isPartOf":{"@id":"https:\/\/theletterfilm.org\/es\/2022\/11\/17\/espana-lanza-la-carta-en-madrid-con-el-aplauso-de-mas-de-30-organizaciones\/"},"author":{"name":"guada","@id":"https:\/\/theletterfilm.org\/#\/schema\/person\/4affbeac1f2cdad1423363275015678e"},"headline":"Espa\u00f1a lanza La Carta en Madrid con el aplauso de m\u00e1s de 30 organizaciones","datePublished":"2022-11-17T01:35:24+00:00","dateModified":"2023-01-17T01:41:54+00:00","mainEntityOfPage":{"@id":"https:\/\/theletterfilm.org\/es\/2022\/11\/17\/espana-lanza-la-carta-en-madrid-con-el-aplauso-de-mas-de-30-organizaciones\/"},"wordCount":422,"commentCount":0,"publisher":{"@id":"https:\/\/theletterfilm.org\/#organization"},"image":{"@id":"https:\/\/theletterfilm.org\/es\/2022\/11\/17\/espana-lanza-la-carta-en-madrid-con-el-aplauso-de-mas-de-30-organizaciones\/#primaryimage"},"thumbnailUrl":"https:\/\/theletterfilm.org\/wp-content\/uploads\/2023\/01\/c3886453-29a1-4c50-8d5f-3b5a5865a78d.jpg","articleSection":["Blogs","Noticias"],"inLanguage":"es","potentialAction":[{"@type":"CommentAction","name":"Comment","target":["https:\/\/theletterfilm.org\/es\/2022\/11\/17\/espana-lanza-la-carta-en-madrid-con-el-aplauso-de-mas-de-30-organizaciones\/#respond"]}]},{"@type":"WebPage","@id":"https:\/\/theletterfilm.org\/es\/2022\/11\/17\/espana-lanza-la-carta-en-madrid-con-el-aplauso-de-mas-de-30-organizaciones\/","url":"https:\/\/theletterfilm.org\/es\/2022\/11\/17\/espana-lanza-la-carta-en-madrid-con-el-aplauso-de-mas-de-30-organizaciones\/","name":"Espa\u00f1a lanza La Carta en Madrid con el aplauso de m\u00e1s de 30 organizaciones - The Letter","isPartOf":{"@id":"https:\/\/theletterfilm.org\/#website"},"primaryImageOfPage":{"@id":"https:\/\/theletterfilm.org\/es\/2022\/11\/17\/espana-lanza-la-carta-en-madrid-con-el-aplauso-de-mas-de-30-organizaciones\/#primaryimage"},"image":{"@id":"https:\/\/theletterfilm.org\/es\/2022\/11\/17\/espana-lanza-la-carta-en-madrid-con-el-aplauso-de-mas-de-30-organizaciones\/#primaryimage"},"thumbnailUrl":"https:\/\/theletterfilm.org\/wp-content\/uploads\/2023\/01\/c3886453-29a1-4c50-8d5f-3b5a5865a78d.jpg","datePublished":"2022-11-17T01:35:24+00:00","dateModified":"2023-01-17T01:41:54+00:00","description":"Expertos en pol\u00edtica y l\u00edderes c\u00edvicos encuentran urgencia y reflexi\u00f3n moral en la pel\u00edcula La Carta en Espa\u00f1a","breadcrumb":{"@id":"https:\/\/theletterfilm.org\/es\/2022\/11\/17\/espana-lanza-la-carta-en-madrid-con-el-aplauso-de-mas-de-30-organizaciones\/#breadcrumb"},"inLanguage":"es","potentialAction":[{"@type":"ReadAction","target":["https:\/\/theletterfilm.org\/es\/2022\/11\/17\/espana-lanza-la-carta-en-madrid-con-el-aplauso-de-mas-de-30-organizaciones\/"]}]},{"@type":"ImageObject","inLanguage":"es","@id":"https:\/\/theletterfilm.org\/es\/2022\/11\/17\/espana-lanza-la-carta-en-madrid-con-el-aplauso-de-mas-de-30-organizaciones\/#primaryimage","url":"https:\/\/theletterfilm.org\/wp-content\/uploads\/2023\/01\/c3886453-29a1-4c50-8d5f-3b5a5865a78d.jpg","contentUrl":"https:\/\/theletterfilm.org\/wp-content\/uploads\/2023\/01\/c3886453-29a1-4c50-8d5f-3b5a5865a78d.jpg","width":2048,"height":1536},{"@type":"BreadcrumbList","@id":"https:\/\/theletterfilm.org\/es\/2022\/11\/17\/espana-lanza-la-carta-en-madrid-con-el-aplauso-de-mas-de-30-organizaciones\/#breadcrumb","itemListElement":[{"@type":"ListItem","position":1,"name":"Home","item":"https:\/\/theletterfilm.org\/es\/"},{"@type":"ListItem","position":2,"name":"Espa\u00f1a lanza La Carta en Madrid con el aplauso de m\u00e1s de 30 organizaciones"}]},{"@type":"WebSite","@id":"https:\/\/theletterfilm.org\/#website","url":"https:\/\/theletterfilm.org\/","name":"The Letter","description":"Act Now","publisher":{"@id":"https:\/\/theletterfilm.org\/#organization"},"potentialAction":[{"@type":"SearchAction","target":{"@type":"EntryPoint","urlTemplate":"https:\/\/theletterfilm.org\/?s={search_term_string}"},"query-input":{"@type":"PropertyValueSpecification","valueRequired":true,"valueName":"search_term_string"}}],"inLanguage":"es"},{"@type":"Organization","@id":"https:\/\/theletterfilm.org\/#organization","name":"The Letter Film","url":"https:\/\/theletterfilm.org\/","logo":{"@type":"ImageObject","inLanguage":"es","@id":"https:\/\/theletterfilm.org\/#\/schema\/logo\/image\/","url":"https:\/\/www1.theletterfilm.org\/wp-content\/uploads\/2020\/09\/EN_Letter0.png","contentUrl":"https:\/\/www1.theletterfilm.org\/wp-content\/uploads\/2020\/09\/EN_Letter0.png","width":854,"height":214,"caption":"The Letter Film"},"image":{"@id":"https:\/\/theletterfilm.org\/#\/schema\/logo\/image\/"},"sameAs":["https:\/\/www.facebook.com\/profile.php?id=100085611172060"]},{"@type":"Person","@id":"https:\/\/theletterfilm.org\/#\/schema\/person\/4affbeac1f2cdad1423363275015678e","name":"guada","image":{"@type":"ImageObject","inLanguage":"es","@id":"https:\/\/secure.gravatar.com\/avatar\/9f7eb3d29b5f8ff56619f99901212bcacdf1a0dfc4b034c9ae2c2dceccdccd3e?s=96&d=mm&r=g","url":"https:\/\/secure.gravatar.com\/avatar\/9f7eb3d29b5f8ff56619f99901212bcacdf1a0dfc4b034c9ae2c2dceccdccd3e?s=96&d=mm&r=g","contentUrl":"https:\/\/secure.gravatar.com\/avatar\/9f7eb3d29b5f8ff56619f99901212bcacdf1a0dfc4b034c9ae2c2dceccdccd3e?s=96&d=mm&r=g","caption":"guada"},"url":"https:\/\/theletterfilm.org\/es\/author\/guada\/"}]}},"_links":{"self":[{"href":"https:\/\/theletterfilm.org\/es\/wp-json\/wp\/v2\/posts\/241678","targetHints":{"allow":["GET"]}}],"collection":[{"href":"https:\/\/theletterfilm.org\/es\/wp-json\/wp\/v2\/posts"}],"about":[{"href":"https:\/\/theletterfilm.org\/es\/wp-json\/wp\/v2\/types\/post"}],"author":[{"embeddable":true,"href":"https:\/\/theletterfilm.org\/es\/wp-json\/wp\/v2\/users\/4"}],"replies":[{"embeddable":true,"href":"https:\/\/theletterfilm.org\/es\/wp-json\/wp\/v2\/comments?post=241678"}],"version-history":[{"count":0,"href":"https:\/\/theletterfilm.org\/es\/wp-json\/wp\/v2\/posts\/241678\/revisions"}],"wp:featuredmedia":[{"embeddable":true,"href":"https:\/\/theletterfilm.org\/es\/wp-json\/wp\/v2\/media\/241676"}],"wp:attachment":[{"href":"https:\/\/theletterfilm.org\/es\/wp-json\/wp\/v2\/media?parent=241678"}],"wp:term":[{"taxonomy":"category","embeddable":true,"href":"https:\/\/theletterfilm.org\/es\/wp-json\/wp\/v2\/categories?post=241678"},{"taxonomy":"post_tag","embeddable":true,"href":"https:\/\/theletterfilm.org\/es\/wp-json\/wp\/v2\/tags?post=241678"}],"curies":[{"name":"wp","href":"https:\/\/api.w.org\/{rel}","templated":true}]}}